{"id":12972,"date":"2019-06-10T23:08:21","date_gmt":"2019-06-10T21:08:21","guid":{"rendered":"https:\/\/www.gml.si\/muzeumok-nyari-ejszakaja-2019-junius-15-en\/"},"modified":"2019-06-10T23:08:21","modified_gmt":"2019-06-10T21:08:21","slug":"muzeumok-nyari-ejszakaja-2019-junius-15-en","status":"publish","type":"post","link":"https:\/\/www.gml.si\/hu\/muzeumok-nyari-ejszakaja-2019-junius-15-en\/","title":{"rendered":"M\u00fazeumok ny\u00e1ri \u00e9jszak\u00e1ja (2019. j\u00fanius 15-\u00e9n)"},"content":{"rendered":"<p><a href=\"http:\/\/www.gml.si\/wp-content\/uploads\/2019\/06\/poletna_muzejska_noc.jpg\" data-lbwps-width=\"1078\" data-lbwps-height=\"660\" data-lbwps-srcsmall=\"https:\/\/www.gml.si\/wp-content\/uploads\/2019\/06\/poletna_muzejska_noc-500x306.jpg\"><img loading=\"lazy\" decoding=\"async\" class=\"alignnone size-large wp-image-6560\" src=\"http:\/\/www.gml.si\/wp-content\/uploads\/2019\/06\/poletna_muzejska_noc-1024x627.jpg\" alt=\"\" width=\"640\" height=\"392\" srcset=\"https:\/\/www.gml.si\/wp-content\/uploads\/2019\/06\/poletna_muzejska_noc-1024x627.jpg 1024w, https:\/\/www.gml.si\/wp-content\/uploads\/2019\/06\/poletna_muzejska_noc-500x306.jpg 500w, https:\/\/www.gml.si\/wp-content\/uploads\/2019\/06\/poletna_muzejska_noc.jpg 1078w\" sizes=\"auto, (max-width: 640px) 100vw, 640px\" \/><\/a><\/p>\n<p><strong>Program:<\/strong><\/p>\n<p>18.00 \u00dajra a l\u00e9pcs\u0151n a lendvai v\u00e1rba, megnyit\u00f3<br \/>\n18:15 Fekete-feh\u00e9r vil\u00e1g: nemzetk\u00f6zi fot\u00f3ki\u00e1ll\u00edt\u00e1sa, ki\u00e1ll\u00edt\u00e1s megnyit\u00f3<\/p>\n<p>19:00 M\u0171helymunka gyerekeknek<br \/>\n20.00 <a href=\"http:\/\/www.gml.si\/hu\/koncert-dixieland-band-cakovec\/\">Dixieland band<\/a>, koncert<br \/>\n21:30 <a href=\"http:\/\/www.gml.si\/hu\/likovna-razstava-hundertwasser-hasegawa-orient-okzident-2\/\">Hundertwasser &amp; Hasegawa \u2013 Orient &amp; Okzident<\/a>, magyar nyelv\u0171 t\u00e1rlatvezet\u00e9s<br \/>\n22.15 Hundertwasser &amp; Hasegawa \u2013 Orient &amp; Okzident, t\u00e1rlatvezet\u00e9s<\/p>\n<p><em>Sok szeretettel v\u00e1runk mindenkit!<\/em><\/p>\n","protected":false},"excerpt":{"rendered":"<p>Sok szeretettel v\u00e1rjuk \u00d6n\u00f6ket a lendvai v\u00e1rba <strong>2019. j\u00fanius 15-\u00e9n 18 \u00f3r\u00e1t\u00f3l \u00e9jf\u00e9lig<\/strong> ki\u00e1ll\u00edt\u00e1sra, koncertre, m\u0171helymunk\u00e1ra, t\u00e1rlatvezet\u00e9sre! <a href=\"https:\/\/www.gml.si\/hu\/muzeumok-nyari-ejszakaja-2019-junius-15-en\/\"><\/p>\n<p>B\u0151vebben <span class=\"meta-nav\">\u2192<\/span><\/a><\/p>\n","protected":false},"author":5,"featured_media":11764,"comment_status":"closed","ping_status":"closed","sticky":false,"template":"","format":"standard","meta":{"inline_featured_image":false,"footnotes":""},"categories":[58],"tags":[],"class_list":["post-12972","post","type-post","status-publish","format-standard","has-post-thumbnail","hentry","category-hirek"],"_links":{"self":[{"href":"https:\/\/www.gml.si\/hu\/wp-json\/wp\/v2\/posts\/12972","targetHints":{"allow":["GET"]}}],"collection":[{"href":"https:\/\/www.gml.si\/hu\/wp-json\/wp\/v2\/posts"}],"about":[{"href":"https:\/\/www.gml.si\/hu\/wp-json\/wp\/v2\/types\/post"}],"author":[{"embeddable":true,"href":"https:\/\/www.gml.si\/hu\/wp-json\/wp\/v2\/users\/5"}],"replies":[{"embeddable":true,"href":"https:\/\/www.gml.si\/hu\/wp-json\/wp\/v2\/comments?post=12972"}],"version-history":[{"count":0,"href":"https:\/\/www.gml.si\/hu\/wp-json\/wp\/v2\/posts\/12972\/revisions"}],"wp:featuredmedia":[{"embeddable":true,"href":"https:\/\/www.gml.si\/hu\/wp-json\/wp\/v2\/media\/11764"}],"wp:attachment":[{"href":"https:\/\/www.gml.si\/hu\/wp-json\/wp\/v2\/media?parent=12972"}],"wp:term":[{"taxonomy":"category","embeddable":true,"href":"https:\/\/www.gml.si\/hu\/wp-json\/wp\/v2\/categories?post=12972"},{"taxonomy":"post_tag","embeddable":true,"href":"https:\/\/www.gml.si\/hu\/wp-json\/wp\/v2\/tags?post=12972"}],"curies":[{"name":"wp","href":"https:\/\/api.w.org\/{rel}","templated":true}]}}