{"id":12984,"date":"2019-06-27T17:23:40","date_gmt":"2019-06-27T15:23:40","guid":{"rendered":"https:\/\/www.gml.si\/stand-up-comedy-fesztival-a-lendvai-varban-2019-junius-29-julius-28-augusztus-10\/"},"modified":"2019-06-27T17:23:40","modified_gmt":"2019-06-27T15:23:40","slug":"stand-up-comedy-fesztival-a-lendvai-varban-2019-junius-29-julius-28-augusztus-10","status":"publish","type":"post","link":"https:\/\/www.gml.si\/hu\/stand-up-comedy-fesztival-a-lendvai-varban-2019-junius-29-julius-28-augusztus-10\/","title":{"rendered":"Stand-up comedy fesztiv\u00e1l a lendvai v\u00e1rban (2019. j\u00fanius 29., j\u00falius 28., augusztus 10.)"},"content":{"rendered":"<p>LENDVAI V\u00c1R (UDVAR)<\/p>\n<p>Id\u0151pontok:<br \/>\n<strong>Szombat, 2019. j\u00fanius 29-\u00e9n, 20.00<br \/>\nVas\u00e1rnap, 2019. j\u00falius 28-\u00e1n, 20.00<br \/>\nSzombat, 2019. augusztus 10-\u00e9n, 20.00<br \/>\n<\/strong><\/p>\n<p>Az idei Stand-up comedy fesztiv\u00e1lon k\u00f6zismert \u00e9s kev\u00e9sb\u00e9 ismert stand-up fell\u00e9p\u0151k h\u00e1rom m\u0171sor\u00e1t l\u00e1thatjuk. A felszabadult kacag\u00e1sra v\u00e1gy\u00f3k \u00edgy h\u00e1rom este \u00e9lvezhetik a Stand-up jeleneteket \u00e9s edzhetik nevet\u0151izmaikat.<\/p>\n<p><iframe loading=\"lazy\" src=\"\/\/www.youtube.com\/embed\/tLfYU7d34vI\" width=\"620\" height=\"348\" allowfullscreen=\"allowfullscreen\"><\/iframe><\/p>\n<p><em>Matja\u017e Jav\u0161nik: Striptiz<br \/>\n<a href=\"http:\/\/www.gml.si\/wp-content\/uploads\/2019\/06\/06-29_Matjaz_Javsnik-striptiz.jpg\" data-lbwps-width=\"1068\" data-lbwps-height=\"843\" data-lbwps-srcsmall=\"https:\/\/www.gml.si\/wp-content\/uploads\/2019\/06\/06-29_Matjaz_Javsnik-striptiz-500x395.jpg\"><img loading=\"lazy\" decoding=\"async\" class=\"alignleft size-large wp-image-6622\" src=\"http:\/\/www.gml.si\/wp-content\/uploads\/2019\/06\/06-29_Matjaz_Javsnik-striptiz-1024x808.jpg\" alt=\"\" width=\"640\" height=\"505\" srcset=\"https:\/\/www.gml.si\/wp-content\/uploads\/2019\/06\/06-29_Matjaz_Javsnik-striptiz-1024x808.jpg 1024w, https:\/\/www.gml.si\/wp-content\/uploads\/2019\/06\/06-29_Matjaz_Javsnik-striptiz-500x395.jpg 500w, https:\/\/www.gml.si\/wp-content\/uploads\/2019\/06\/06-29_Matjaz_Javsnik-striptiz.jpg 1068w\" sizes=\"auto, (max-width: 640px) 100vw, 640px\" \/><\/a><\/em><\/p>\n","protected":false},"excerpt":{"rendered":"<p>LENDVAI V\u00c1R (UDVAR)<\/p>\n<p>Id\u0151pontok:<br \/>\nSzombat, 2019. j\u00fanius 29-\u00e9n, 20.00<br \/>\nVas\u00e1rnap, 2019. j\u00falius 28-\u00e1n, 20.00<br \/>\nSzombat,2019. augusztus 10-\u00e9n, 20.00 <a href=\"https:\/\/www.gml.si\/hu\/stand-up-comedy-fesztival-a-lendvai-varban-2019-junius-29-julius-28-augusztus-10\/\"><\/p>\n<p>B\u0151vebben <span class=\"meta-nav\">\u2192<\/span><\/a><\/p>\n","protected":false},"author":5,"featured_media":11778,"comment_status":"closed","ping_status":"closed","sticky":false,"template":"","format":"standard","meta":{"inline_featured_image":false,"footnotes":""},"categories":[58],"tags":[],"class_list":["post-12984","post","type-post","status-publish","format-standard","has-post-thumbnail","hentry","category-hirek"],"_links":{"self":[{"href":"https:\/\/www.gml.si\/hu\/wp-json\/wp\/v2\/posts\/12984","targetHints":{"allow":["GET"]}}],"collection":[{"href":"https:\/\/www.gml.si\/hu\/wp-json\/wp\/v2\/posts"}],"about":[{"href":"https:\/\/www.gml.si\/hu\/wp-json\/wp\/v2\/types\/post"}],"author":[{"embeddable":true,"href":"https:\/\/www.gml.si\/hu\/wp-json\/wp\/v2\/users\/5"}],"replies":[{"embeddable":true,"href":"https:\/\/www.gml.si\/hu\/wp-json\/wp\/v2\/comments?post=12984"}],"version-history":[{"count":0,"href":"https:\/\/www.gml.si\/hu\/wp-json\/wp\/v2\/posts\/12984\/revisions"}],"wp:featuredmedia":[{"embeddable":true,"href":"https:\/\/www.gml.si\/hu\/wp-json\/wp\/v2\/media\/11778"}],"wp:attachment":[{"href":"https:\/\/www.gml.si\/hu\/wp-json\/wp\/v2\/media?parent=12984"}],"wp:term":[{"taxonomy":"category","embeddable":true,"href":"https:\/\/www.gml.si\/hu\/wp-json\/wp\/v2\/categories?post=12984"},{"taxonomy":"post_tag","embeddable":true,"href":"https:\/\/www.gml.si\/hu\/wp-json\/wp\/v2\/tags?post=12984"}],"curies":[{"name":"wp","href":"https:\/\/api.w.org\/{rel}","templated":true}]}}