{"id":12997,"date":"2019-08-21T12:31:09","date_gmt":"2019-08-21T10:31:09","guid":{"rendered":"https:\/\/www.gml.si\/kezdetet-vette-a-47-nemzetkozi-muvesztelep-bronzontes\/"},"modified":"2019-08-21T12:31:09","modified_gmt":"2019-08-21T10:31:09","slug":"kezdetet-vette-a-47-nemzetkozi-muvesztelep-bronzontes","status":"publish","type":"post","link":"https:\/\/www.gml.si\/hu\/kezdetet-vette-a-47-nemzetkozi-muvesztelep-bronzontes\/","title":{"rendered":"Kezdet\u00e9t vette a 47. Nemzetk\u00f6zi M\u0171v\u00e9sztelep (Bronz\u00f6nt\u00e9s)"},"content":{"rendered":"<p><a href=\"http:\/\/www.gml.si\/wp-content\/uploads\/2019\/08\/47_MLK_web.jpg\" data-lbwps-width=\"1200\" data-lbwps-height=\"526\" data-lbwps-srcsmall=\"https:\/\/www.gml.si\/wp-content\/uploads\/2019\/08\/47_MLK_web-500x219.jpg\"><img loading=\"lazy\" decoding=\"async\" class=\"alignleft size-large wp-image-6664\" src=\"http:\/\/www.gml.si\/wp-content\/uploads\/2019\/08\/47_MLK_web-1024x449.jpg\" alt=\"\" width=\"640\" height=\"281\" srcset=\"https:\/\/www.gml.si\/wp-content\/uploads\/2019\/08\/47_MLK_web-1024x449.jpg 1024w, https:\/\/www.gml.si\/wp-content\/uploads\/2019\/08\/47_MLK_web-500x219.jpg 500w, https:\/\/www.gml.si\/wp-content\/uploads\/2019\/08\/47_MLK_web.jpg 1200w\" sizes=\"auto, (max-width: 640px) 100vw, 640px\" \/><\/a><\/p>\n<p>2019. augusztus 19-\u00e9n kezdet\u00e9t vette a <strong>47. Nemzetk\u00f6zi M\u0171v\u00e9sztelep (Bronz\u00f6nt\u00e9s).<\/strong><\/p>\n<p>Az szobr\u00e1szok az egykori polg\u00e1ri iskol\u00e1ban k\u00e9sz\u00edtik el\u0151 alkot\u00e1saikat, amelyeket augusztus 30-\u00e1n csent\u00e9ben fognak ki\u00f6nteni bronzban.<\/p>\n<p><strong>Id\u00e9n \u0151k vesznek r\u00e9szt a m\u0171v\u00e9sztelepen:<\/strong><br \/>\nStephan LUPINO (HR)<br \/>\nRobert JURAK (SLO)<br \/>\nJ\u00e1nos LIPOVICS (HU)<br \/>\nFerenc KIR\u00c1LY (SLO)<br \/>\nAttila RAJCS\u00d3K (HU)<br \/>\nMarijan MIRT (SLO)<\/p>\n<p><strong>Cizell\u00e1l:<\/strong><br \/>\nL\u00e1szl\u00f3 GERE<\/p>\n<p><strong>M\u0171v\u00e9szeti vezet\u0151:<\/strong><br \/>\nFranc GERI\u010c<\/p>\n<hr \/>\n<h2>A M\u00c9DI\u00c1BAN:<\/h2>\n<ul>\n<li><a href=\"https:\/\/www.rtvslo.si\/mmr\/prispevek\/174632965\">19. 08. 2019 &#8211; MMR \/ Terepj\u00e1r\u00f3 \/ Botka \u00c1gnes (HU)<\/a><\/li>\n<li><a href=\"http:\/\/lendavainfo.com\/foto-pricela-se-je-47-mednarodna-likovna-kolonija-odlivanje-v-bron\/\">21. 08. 2019 &#8211; Lendavainfo.com \/ FOTO: Pri\u010dela se je 47. Mednarodna likovna kolonija \u2013 odlivanje v bron (SLO)<\/a><\/li>\n<\/ul>\n","protected":false},"excerpt":{"rendered":"<p>2019. augusztus 19-\u00e9n kezdet\u00e9t vette a 47. Nemzetk\u00f6zi M\u0171v\u00e9sztelep (Bronz\u00f6nt\u00e9s). Az szobr\u00e1szok az egykori polg\u00e1ri iskol\u00e1ban k\u00e9sz\u00edtik el\u0151 alkot\u00e1saikat, amelyeket augusztus 30-\u00e1n csent\u00e9ben fognak ki\u00f6nteni bronzban. Id\u00e9n \u0151k vesznek r\u00e9szt a m\u0171v\u00e9sztelepen: Stephan LUPINO (HR) Robert JURAK (SLO) J\u00e1nos LIPOVICS &hellip; <a href=\"https:\/\/www.gml.si\/hu\/kezdetet-vette-a-47-nemzetkozi-muvesztelep-bronzontes\/\"><\/p>\n<p>B\u0151vebben <span class=\"meta-nav\">\u2192<\/span><\/a><\/p>\n","protected":false},"author":5,"featured_media":11794,"comment_status":"closed","ping_status":"closed","sticky":false,"template":"","format":"standard","meta":{"inline_featured_image":false,"footnotes":""},"categories":[58],"tags":[],"class_list":["post-12997","post","type-post","status-publish","format-standard","has-post-thumbnail","hentry","category-hirek"],"_links":{"self":[{"href":"https:\/\/www.gml.si\/hu\/wp-json\/wp\/v2\/posts\/12997","targetHints":{"allow":["GET"]}}],"collection":[{"href":"https:\/\/www.gml.si\/hu\/wp-json\/wp\/v2\/posts"}],"about":[{"href":"https:\/\/www.gml.si\/hu\/wp-json\/wp\/v2\/types\/post"}],"author":[{"embeddable":true,"href":"https:\/\/www.gml.si\/hu\/wp-json\/wp\/v2\/users\/5"}],"replies":[{"embeddable":true,"href":"https:\/\/www.gml.si\/hu\/wp-json\/wp\/v2\/comments?post=12997"}],"version-history":[{"count":0,"href":"https:\/\/www.gml.si\/hu\/wp-json\/wp\/v2\/posts\/12997\/revisions"}],"wp:featuredmedia":[{"embeddable":true,"href":"https:\/\/www.gml.si\/hu\/wp-json\/wp\/v2\/media\/11794"}],"wp:attachment":[{"href":"https:\/\/www.gml.si\/hu\/wp-json\/wp\/v2\/media?parent=12997"}],"wp:term":[{"taxonomy":"category","embeddable":true,"href":"https:\/\/www.gml.si\/hu\/wp-json\/wp\/v2\/categories?post=12997"},{"taxonomy":"post_tag","embeddable":true,"href":"https:\/\/www.gml.si\/hu\/wp-json\/wp\/v2\/tags?post=12997"}],"curies":[{"name":"wp","href":"https:\/\/api.w.org\/{rel}","templated":true}]}}