{"id":13006,"date":"2019-08-27T17:02:43","date_gmt":"2019-08-27T15:02:43","guid":{"rendered":"https:\/\/www.gml.si\/lendvai-zsinagoga-europai-zsido-kultura-napja-2019\/"},"modified":"2019-08-27T17:02:43","modified_gmt":"2019-08-27T15:02:43","slug":"lendvai-zsinagoga-europai-zsido-kultura-napja-2019","status":"publish","type":"post","link":"https:\/\/www.gml.si\/hu\/lendvai-zsinagoga-europai-zsido-kultura-napja-2019\/","title":{"rendered":"LENDVAI ZSINAG\u00d3GA: Eur\u00f3pai Zsid\u00f3 Kult\u00fara Napja 2019"},"content":{"rendered":"<p><a href=\"http:\/\/www.gml.si\/wp-content\/uploads\/2019\/08\/20190901_EDJK_2019_inga_ulokina_hu_1200.png\" data-lbwps-width=\"1200\" data-lbwps-height=\"807\" data-lbwps-srcsmall=\"https:\/\/www.gml.si\/wp-content\/uploads\/2019\/08\/20190901_EDJK_2019_inga_ulokina_hu_1200-500x336.png\"><img loading=\"lazy\" decoding=\"async\" class=\"alignleft size-large wp-image-6751\" src=\"http:\/\/www.gml.si\/wp-content\/uploads\/2019\/08\/20190901_EDJK_2019_inga_ulokina_hu_1200-1024x689.png\" alt=\"\" width=\"640\" height=\"431\" srcset=\"https:\/\/www.gml.si\/wp-content\/uploads\/2019\/08\/20190901_EDJK_2019_inga_ulokina_hu_1200-1024x689.png 1024w, https:\/\/www.gml.si\/wp-content\/uploads\/2019\/08\/20190901_EDJK_2019_inga_ulokina_hu_1200-500x336.png 500w, https:\/\/www.gml.si\/wp-content\/uploads\/2019\/08\/20190901_EDJK_2019_inga_ulokina_hu_1200.png 1200w\" sizes=\"auto, (max-width: 640px) 100vw, 640px\" \/><\/a><\/p>\n<p><span style=\"font-size: 24px;\"><strong>Eur\u00f3pai Zsid\u00f3 Kult\u00fara Napja 2019<br \/>\n<\/strong><\/span><\/p>\n<hr \/>\n<p><strong>2019. szeptember 1-j\u00e9n, vas\u00e1rnap, 19.00<\/strong> | Lendvai Zsinag\u00f3ga<\/p>\n<p><strong><span style=\"font-size: 32px;\">Violina hebraica<\/span><\/strong><br \/>\nInga Ulokina heged\u0151m\u0171v\u00e9sz \u00e9s vend\u00e9geinek, Margarita Ulokina \u00e9s Olga Ulokina, koncertje (Ny\u00e1ron Lendv\u00e1ra c\u00edm\u0171 programsorozat)<\/p>\n<p><a href=\"http:\/\/www.gml.si\/wp-content\/uploads\/2019\/08\/09-01_inga_ulokina1.jpg\" data-lbwps-width=\"1000\" data-lbwps-height=\"666\" data-lbwps-srcsmall=\"https:\/\/www.gml.si\/wp-content\/uploads\/2019\/08\/09-01_inga_ulokina1-500x333.jpg\"><img loading=\"lazy\" decoding=\"async\" class=\"alignnone size-medium wp-image-6732\" src=\"http:\/\/www.gml.si\/wp-content\/uploads\/2019\/08\/09-01_inga_ulokina1-500x333.jpg\" alt=\"\" width=\"500\" height=\"333\" srcset=\"https:\/\/www.gml.si\/wp-content\/uploads\/2019\/08\/09-01_inga_ulokina1-500x333.jpg 500w, https:\/\/www.gml.si\/wp-content\/uploads\/2019\/08\/09-01_inga_ulokina1.jpg 1000w\" sizes=\"auto, (max-width: 500px) 100vw, 500px\" \/><\/a><\/p>\n<p>Lendva az id\u00e9n is csatlakozik az Eur\u00f3pai Zsid\u00f3 Kult\u00fara Napjai rendezv\u00e9nysorozathoz, amelyben \u00e9vente mintegy 30 orsz\u00e1g szervez\u0151i vesznek r\u00e9szt. Ebb\u0151l az alkalomb\u00f3l Inga Ulokina neves heged\u0171m\u0171v\u00e9szn\u0151 \u00e9s vend\u00e9gei \u2012 Violina hebreica \u2012 koncertj\u00e9re invit\u00e1ljuk \u00d6n\u00f6ket. \u201eHeged\u0171je csalog\u00e1nyk\u00e9nt sz\u00f3l.\u201d<\/p>\n<p><iframe loading=\"lazy\" src=\"\/\/www.youtube.com\/embed\/3BZms0PnudQ\" width=\"620\" height=\"348\" allowfullscreen=\"allowfullscreen\"><\/iframe><\/p>\n<hr \/>\n<p><strong>2019. szeptember 17-\u00e9n, kedden, 13.00<\/strong> | Lendva k\u00f6zpontja, F\u0151 utca 13., 46., \u00e9s 68.<\/p>\n<p><strong><span style=\"font-size: 32px;\">Eml\u00e9kez\u0151 macskak\u00f6vek<\/span><\/strong><br \/>\nStolpersteine \/ botlat\u00f3k\u00f6vek avat\u00e1sa Gunter Demnig szobr\u00e1szm\u0171v\u00e9sszel<\/p>\n<p><em>Sok szeretettel v\u00e1rjuk \u00d6n\u00f6ket!<\/em><\/p>\n<p><a href=\"http:\/\/www.gml.si\/wp-content\/uploads\/2019\/08\/sinagoga_edjc_VAB_1908_web_s1_1200.jpg\" data-lbwps-width=\"846\" data-lbwps-height=\"1200\" data-lbwps-srcsmall=\"https:\/\/www.gml.si\/wp-content\/uploads\/2019\/08\/sinagoga_edjc_VAB_1908_web_s1_1200-353x500.jpg\"><img loading=\"lazy\" decoding=\"async\" class=\"alignnone size-large wp-image-6728\" src=\"http:\/\/www.gml.si\/wp-content\/uploads\/2019\/08\/sinagoga_edjc_VAB_1908_web_s1_1200-722x1024.jpg\" alt=\"\" width=\"640\" height=\"908\" srcset=\"https:\/\/www.gml.si\/wp-content\/uploads\/2019\/08\/sinagoga_edjc_VAB_1908_web_s1_1200-722x1024.jpg 722w, https:\/\/www.gml.si\/wp-content\/uploads\/2019\/08\/sinagoga_edjc_VAB_1908_web_s1_1200-353x500.jpg 353w, https:\/\/www.gml.si\/wp-content\/uploads\/2019\/08\/sinagoga_edjc_VAB_1908_web_s1_1200.jpg 846w\" sizes=\"auto, (max-width: 640px) 100vw, 640px\" \/><\/a><\/p>\n","protected":false},"excerpt":{"rendered":"<p>2019. szeptember 1-j\u00e9n, vas\u00e1rnap, 19 \u00f3rakor a Lendvai Zsinag\u00f3g\u00e1ban lesz a <strong>Violina hebreica<\/strong> &#8211; Inga Ulokina heged\u0151m\u0171v\u00e9sz \u00e9s vend\u00e9geinek, Margarita Ulokina \u00e9s Olga Ulokina, koncertje (Ny\u00e1ron Lendv\u00e1ra c\u00edm\u0171 programsorozat).<\/p>\n<p>2019. szeptember 17-\u00e9n, kedden 13 \u00f3rakor Lendva k\u00f6zpontj\u00e1ban <strong>Eml\u00e9kez\u0151 macskak\u00f6vek \u2013 Stolpersteine<\/strong> \/ botlat\u00f3k\u00f6vek avat\u00e1sa Gunter Demnig szobr\u00e1szm\u0171v\u00e9sszel. <a href=\"https:\/\/www.gml.si\/hu\/lendvai-zsinagoga-europai-zsido-kultura-napja-2019\/\"><\/p>\n<p>B\u0151vebben <span class=\"meta-nav\">\u2192<\/span><\/a><\/p>\n","protected":false},"author":5,"featured_media":11860,"comment_status":"closed","ping_status":"closed","sticky":false,"template":"","format":"standard","meta":{"inline_featured_image":false,"footnotes":""},"categories":[58],"tags":[],"class_list":["post-13006","post","type-post","status-publish","format-standard","has-post-thumbnail","hentry","category-hirek"],"_links":{"self":[{"href":"https:\/\/www.gml.si\/hu\/wp-json\/wp\/v2\/posts\/13006","targetHints":{"allow":["GET"]}}],"collection":[{"href":"https:\/\/www.gml.si\/hu\/wp-json\/wp\/v2\/posts"}],"about":[{"href":"https:\/\/www.gml.si\/hu\/wp-json\/wp\/v2\/types\/post"}],"author":[{"embeddable":true,"href":"https:\/\/www.gml.si\/hu\/wp-json\/wp\/v2\/users\/5"}],"replies":[{"embeddable":true,"href":"https:\/\/www.gml.si\/hu\/wp-json\/wp\/v2\/comments?post=13006"}],"version-history":[{"count":0,"href":"https:\/\/www.gml.si\/hu\/wp-json\/wp\/v2\/posts\/13006\/revisions"}],"wp:featuredmedia":[{"embeddable":true,"href":"https:\/\/www.gml.si\/hu\/wp-json\/wp\/v2\/media\/11860"}],"wp:attachment":[{"href":"https:\/\/www.gml.si\/hu\/wp-json\/wp\/v2\/media?parent=13006"}],"wp:term":[{"taxonomy":"category","embeddable":true,"href":"https:\/\/www.gml.si\/hu\/wp-json\/wp\/v2\/categories?post=13006"},{"taxonomy":"post_tag","embeddable":true,"href":"https:\/\/www.gml.si\/hu\/wp-json\/wp\/v2\/tags?post=13006"}],"curies":[{"name":"wp","href":"https:\/\/api.w.org\/{rel}","templated":true}]}}