{"id":13010,"date":"2019-09-03T12:30:44","date_gmt":"2019-09-03T10:30:44","guid":{"rendered":"https:\/\/www.gml.si\/kiallitas-christo-jeanne-claude-rejtett-valosag\/"},"modified":"2019-09-03T12:30:44","modified_gmt":"2019-09-03T10:30:44","slug":"kiallitas-christo-jeanne-claude-rejtett-valosag","status":"publish","type":"post","link":"https:\/\/www.gml.si\/hu\/kiallitas-christo-jeanne-claude-rejtett-valosag\/","title":{"rendered":"KI\u00c1LL\u00cdT\u00c1S \u2022 Christo &#038; Jeanne-Claude: Rejtett val\u00f3s\u00e1g"},"content":{"rendered":"<p><a href=\"http:\/\/www.gml.si\/wp-content\/uploads\/2019\/09\/christo_jean_claude.jpg\" data-lbwps-width=\"3091\" data-lbwps-height=\"1356\" data-lbwps-srcsmall=\"https:\/\/www.gml.si\/wp-content\/uploads\/2019\/09\/christo_jean_claude-500x219.jpg\"><img loading=\"lazy\" decoding=\"async\" class=\"alignnone size-large wp-image-6766\" src=\"http:\/\/www.gml.si\/wp-content\/uploads\/2019\/09\/christo_jean_claude-1024x449.jpg\" alt=\"\" width=\"640\" height=\"281\" srcset=\"https:\/\/www.gml.si\/wp-content\/uploads\/2019\/09\/christo_jean_claude-1024x449.jpg 1024w, https:\/\/www.gml.si\/wp-content\/uploads\/2019\/09\/christo_jean_claude-500x219.jpg 500w\" sizes=\"auto, (max-width: 640px) 100vw, 640px\" \/><\/a><\/p>\n<p>M E G H \u00cd V \u00d3<\/p>\n<p>Tisztelt M\u0171v\u00e9szetkedvel\u0151k!<\/p>\n<p>A Lendvai Gal\u00e9ria \u00e9s M\u00fazeum, valamint Lendva K\u00f6zs\u00e9g <br \/>\ntisztelettel megh\u00edvja \u00d6nt \u00e9s Kedves Bar\u00e1tait\u00a0<\/p>\n<p><strong><span style=\"font-size: 24px;\">Christo &amp; Jeanne-Claude: Rejtett val\u00f3s\u00e1g<\/span> <br \/>\n<\/strong><br \/>\nc. ki\u00e1ll\u00edt\u00e1s megnyit\u00f3j\u00e1ra, amely <br \/>\n<strong>2019. szeptember 6-\u00e1n, p\u00e9nteken, 19.00 \u00f3rakor <br \/>\n<\/strong>lesz a lendvai v\u00e1rban.<\/p>\n<p>Besz\u00e9det mond <br \/>\n<em>Dubravko Baumgartner<\/em>, a Lendvai Gal\u00e9ria \u00e9s M\u00fazeum igazgat\u00f3ja, <br \/>\n<em>Janez Magyar<\/em>, Lendva K\u00f6zs\u00e9g polg\u00e1rmestere \u00e9s <br \/>\n<em>Pisnjak Atilla<\/em> m\u0171v\u00e9szett\u00f6rt\u00e9n\u00e9sz.<\/p>\n<p>A ki\u00e1ll\u00edt\u00e1st <em>Nada Zoran<\/em>, a Szlov\u00e9n K\u00f6zt\u00e1rsas\u00e1g Kultur\u00e1lis Miniszt\u00e9riuma Kultur\u00e1lis \u00d6r\u00f6ks\u00e9gek Igazgat\u00f3s\u00e1g\u00e1nak a titk\u00e1ra nyitja meg.<\/p>\n<p>A zenei m\u0171sorban k\u00f6zrem\u0171k\u00f6dnek a Zeneiskola Lendva tan\u00e1rai: <em>Diana Milkovi\u0107<\/em>, fuvola \u00e9s <em>Eva Ba\u017eika Orban<\/em>, zongora.<\/p>\n<hr \/>\n<p><strong>A ki\u00e1ll\u00edt\u00e1s l\u00e9trej\u00f6tt\u00e9t t\u00e1mogatt\u00e1k:<\/strong><br \/>\nMinistrstvo za kulturo RS\/A Szlov\u00e9n K\u00f6zt\u00e1rsas\u00e1g Kult\u00far\u00e1lis Miniszt\u00e9riuma<br \/>\nOb\u010dina Lendava \/ Lendva K\u00f6zs\u00e9g<br \/>\nGalerija-Muzej Lendava \/ Gal\u00e9ria-M\u00fazeum Lendva<br \/>\nSammlung Richard H. Mayer, Bamberg<br \/>\nKunstgalerien B\u00f6ttingerhaus, Bamberg<br \/>\nKontakt Verlag, Hallstadt<\/p>\n<hr \/>\n<h2>A KI\u00c1LL\u00cdT\u00c1SR\u00d3L<strong><em><br \/>\n<\/em><\/strong><\/h2>\n<p><strong>Rejtett val\u00f3s\u00e1g<\/strong><br \/>\nChristo \u00e9s Jeanne-Claude ki\u00e1ll\u00edt\u00e1sa<\/p>\n<p><a href=\"http:\/\/www.gml.si\/wp-content\/uploads\/2019\/09\/Christo_letak_A4.jpg\" data-lbwps-width=\"1240\" data-lbwps-height=\"1754\" data-lbwps-srcsmall=\"https:\/\/www.gml.si\/wp-content\/uploads\/2019\/09\/Christo_letak_A4-353x500.jpg\"><img loading=\"lazy\" decoding=\"async\" class=\"alignright wp-image-6768\" src=\"http:\/\/www.gml.si\/wp-content\/uploads\/2019\/09\/Christo_letak_A4-353x500.jpg\" alt=\"\" width=\"250\" height=\"354\" srcset=\"https:\/\/www.gml.si\/wp-content\/uploads\/2019\/09\/Christo_letak_A4-353x500.jpg 353w, https:\/\/www.gml.si\/wp-content\/uploads\/2019\/09\/Christo_letak_A4-724x1024.jpg 724w, https:\/\/www.gml.si\/wp-content\/uploads\/2019\/09\/Christo_letak_A4.jpg 1240w\" sizes=\"auto, (max-width: 250px) 100vw, 250px\" \/><\/a>A bolg\u00e1r sz\u00fclet\u00e9s\u0171 Christo \u00e9s feles\u00e9ge, a francia sz\u00e1rmaz\u00e1s\u00fa Jeanne-Claude a vil\u00e1g legh\u00edresebb \u201ecsomagol\u00f3m\u0171v\u00e9szei\u201d, akik nemcsak az \u00e9letben, de a m\u0171v\u00e9szvil\u00e1gban is egy p\u00e1rt alkottak. T\u00f6bb \u00e9vtizedes alkot\u00f3i tev\u00e9kenys\u00e9g\u00fck sor\u00e1n legink\u00e1bb monument\u00e1lis v\u00e1llalkoz\u00e1saikkal v\u00e1ltak ismertt\u00e9, ilyen volt a berlini Reichstag 1995-\u00f6s becsomagol\u00e1sa. Feles\u00e9ge 2009. \u00e9vi hal\u00e1la ut\u00e1n Christo valamelyest visszavett a temp\u00f3b\u00f3l, de ma is f\u00e1radhatatlan, olyannyira, hogy 2020-ban egy r\u00e9gi \u00e1lm\u00e1t fogja val\u00f3ra v\u00e1ltani: a p\u00e1rizsi Diadal\u00edv becsomagol\u00e1s\u00e1t.<\/p>\n<p>A lendvai v\u00e1rgal\u00e9ri\u00e1ban megtekinthet\u0151 ki\u00e1ll\u00edt\u00e1son a p\u00e1ros legizgalmasabb \u00e9s legh\u00edresebb projektjei l\u00e1that\u00f3k: egyebek mellett a p\u00e1rizsi Pont Neuf becsomagol\u00e1sa (1975\u20131985), a Kalifornia nyugati, valamint Jap\u00e1n keleti partj\u00e1n egym\u00e1ssal szemben fel\u00e1ll\u00edtott <em>Erny\u0151k<\/em> (1984\u20131991), a berlini Reichstag becsomagol\u00e1sa (1971\u20131995) \u00e9s a <em>Kapuk<\/em>, a New York-i Central Parkban elhelyezett projektj\u00fck 2005-b\u0151l. A t\u00f6bb mint f\u00e9l \u00e9vsz\u00e1zados alkot\u00f3munk\u00e1t fot\u00f3k, grafik\u00e1k, koll\u00e1zsok \u00e9s k\u00fcl\u00f6nb\u00f6zo t\u00e1rgyak seg\u00edts\u00e9g\u00e9vel ismerheti meg a k\u00f6z\u00f6ns\u00e9g.<\/p>\n","protected":false},"excerpt":{"rendered":"<p>A Lendvai Gal\u00e9ria \u00e9s M\u00fazeum, valamint Lendva K\u00f6zs\u00e9g tisztelettel \u00d6n\u00fcket\u00a0Christo &#038; Jeanne-Claude: Rejtett val\u00f3s\u00e1g c. ki\u00e1ll\u00edt\u00e1s megnyit\u00f3j\u00e1ra, amely <strong>2019. szeptember 6-\u00e1n, p\u00e9nteken, 19 \u00f3rakor<\/strong> lesz a lendvai v\u00e1rban. <a href=\"https:\/\/www.gml.si\/hu\/kiallitas-christo-jeanne-claude-rejtett-valosag\/\"><\/p>\n<p>B\u0151vebben <span class=\"meta-nav\">\u2192<\/span><\/a><\/p>\n","protected":false},"author":5,"featured_media":11884,"comment_status":"closed","ping_status":"closed","sticky":false,"template":"","format":"standard","meta":{"inline_featured_image":false,"footnotes":""},"categories":[66,58],"tags":[],"class_list":["post-13010","post","type-post","status-publish","format-standard","has-post-thumbnail","hentry","category-elozo","category-hirek"],"_links":{"self":[{"href":"https:\/\/www.gml.si\/hu\/wp-json\/wp\/v2\/posts\/13010","targetHints":{"allow":["GET"]}}],"collection":[{"href":"https:\/\/www.gml.si\/hu\/wp-json\/wp\/v2\/posts"}],"about":[{"href":"https:\/\/www.gml.si\/hu\/wp-json\/wp\/v2\/types\/post"}],"author":[{"embeddable":true,"href":"https:\/\/www.gml.si\/hu\/wp-json\/wp\/v2\/users\/5"}],"replies":[{"embeddable":true,"href":"https:\/\/www.gml.si\/hu\/wp-json\/wp\/v2\/comments?post=13010"}],"version-history":[{"count":0,"href":"https:\/\/www.gml.si\/hu\/wp-json\/wp\/v2\/posts\/13010\/revisions"}],"wp:featuredmedia":[{"embeddable":true,"href":"https:\/\/www.gml.si\/hu\/wp-json\/wp\/v2\/media\/11884"}],"wp:attachment":[{"href":"https:\/\/www.gml.si\/hu\/wp-json\/wp\/v2\/media?parent=13010"}],"wp:term":[{"taxonomy":"category","embeddable":true,"href":"https:\/\/www.gml.si\/hu\/wp-json\/wp\/v2\/categories?post=13010"},{"taxonomy":"post_tag","embeddable":true,"href":"https:\/\/www.gml.si\/hu\/wp-json\/wp\/v2\/tags?post=13010"}],"curies":[{"name":"wp","href":"https:\/\/api.w.org\/{rel}","templated":true}]}}