{"id":13016,"date":"2019-09-24T17:48:04","date_gmt":"2019-09-24T15:48:04","guid":{"rendered":"https:\/\/www.gml.si\/a-turizmus-vilagnapja-2019-szeptember-27-en\/"},"modified":"2019-09-24T17:48:04","modified_gmt":"2019-09-24T15:48:04","slug":"a-turizmus-vilagnapja-2019-szeptember-27-en","status":"publish","type":"post","link":"https:\/\/www.gml.si\/hu\/a-turizmus-vilagnapja-2019-szeptember-27-en\/","title":{"rendered":"A TURIZMUS VIL\u00c1GNAPJA (2019. szeptember 27-\u00e9n)"},"content":{"rendered":"<p>A TURIZMUS VIL\u00c1GNAPJA<br \/>\nalkalm\u00e1b\u00f3l szeretettel megh\u00edvjuk a Lendvai Gal\u00e9ria \u00e9s M\u00fazeumba, ahol<br \/>\n<strong>2019. szeptember 27-\u00e9n, p\u00e9nteken<\/strong><\/p>\n<hr \/>\n<p><span style=\"font-size: 24px;\"><strong>16.30-kor<\/strong> <\/span><br \/>\nk\u00e9tnyelv\u0171 t\u00e1rlatvezet\u00e9s v\u00e1rja az \u00e9rdekl\u0151d\u0151ket a<br \/>\n<strong>CHRISTO &amp; Jeanne-Claude: Rejtett val\u00f3s\u00e1g<\/strong><br \/>\nc\u00edm\u0171 ki\u00e1ll\u00edt\u00e1sban a lendvai v\u00e1rban,<\/p>\n<hr \/>\n<p><span style=\"font-size: 24px;\"><strong>17.30-kor<\/strong><\/span> <br \/>\npedig a <strong>Legenda \u00e9s val\u00f3s\u00e1g a Hadik-m\u00fami\u00e1r\u00f3l<\/strong> c\u00edm\u0171 k\u00f6nyv bemutat\u00e1s\u00e1ra ker\u00fcl sor<br \/>\na Polg\u00e1rs\u00e1g M\u00fazeum\u00e1ban (Lendva, F\u0151 utca 52.)<\/p>\n<hr \/>\n<p><em>A Turizmus Vil\u00e1gnapj\u00e1n a HADIK-k\u00f6nyv <strong>50 %-os kedvezm\u00e9nnyel<\/strong> v\u00e1s\u00e1rolhat\u00f3<\/em><br \/>\n<em>meg a Lendvai Gal\u00e9ria \u00e9s M\u00fazeum valamennyi kiadv\u00e1ny\u00e1val egy\u00fctt.<\/em><\/p>\n<p><a href=\"http:\/\/www.gml.si\/wp-content\/uploads\/2019\/09\/2019_muzeumi_vilagnap_HU_nepujsag.jpg\" data-lbwps-width=\"2835\" data-lbwps-height=\"1949\" data-lbwps-srcsmall=\"https:\/\/www.gml.si\/wp-content\/uploads\/2019\/09\/2019_muzeumi_vilagnap_HU_nepujsag-500x344.jpg\"><img loading=\"lazy\" decoding=\"async\" class=\"alignleft size-large wp-image-6798\" src=\"http:\/\/www.gml.si\/wp-content\/uploads\/2019\/09\/2019_muzeumi_vilagnap_HU_nepujsag-1024x704.jpg\" alt=\"\" width=\"640\" height=\"440\" srcset=\"https:\/\/www.gml.si\/wp-content\/uploads\/2019\/09\/2019_muzeumi_vilagnap_HU_nepujsag-1024x704.jpg 1024w, https:\/\/www.gml.si\/wp-content\/uploads\/2019\/09\/2019_muzeumi_vilagnap_HU_nepujsag-500x344.jpg 500w\" sizes=\"auto, (max-width: 640px) 100vw, 640px\" \/><\/a><\/p>\n","protected":false},"excerpt":{"rendered":"<p>A TURIZMUS VIL\u00c1GNAPJA alkalm\u00e1b\u00f3l szeretettel megh\u00edvjuk \u00f6n\u00f6ket a Lendvai Gal\u00e9ria \u00e9s M\u00fazeum rendezv\u00e9nyeinre. <a href=\"https:\/\/www.gml.si\/hu\/a-turizmus-vilagnapja-2019-szeptember-27-en\/\"><\/p>\n<p>B\u0151vebben <span class=\"meta-nav\">\u2192<\/span><\/a><\/p>\n","protected":false},"author":5,"featured_media":11910,"comment_status":"closed","ping_status":"closed","sticky":false,"template":"","format":"standard","meta":{"inline_featured_image":false,"footnotes":""},"categories":[58],"tags":[],"class_list":["post-13016","post","type-post","status-publish","format-standard","has-post-thumbnail","hentry","category-hirek"],"_links":{"self":[{"href":"https:\/\/www.gml.si\/hu\/wp-json\/wp\/v2\/posts\/13016","targetHints":{"allow":["GET"]}}],"collection":[{"href":"https:\/\/www.gml.si\/hu\/wp-json\/wp\/v2\/posts"}],"about":[{"href":"https:\/\/www.gml.si\/hu\/wp-json\/wp\/v2\/types\/post"}],"author":[{"embeddable":true,"href":"https:\/\/www.gml.si\/hu\/wp-json\/wp\/v2\/users\/5"}],"replies":[{"embeddable":true,"href":"https:\/\/www.gml.si\/hu\/wp-json\/wp\/v2\/comments?post=13016"}],"version-history":[{"count":0,"href":"https:\/\/www.gml.si\/hu\/wp-json\/wp\/v2\/posts\/13016\/revisions"}],"wp:featuredmedia":[{"embeddable":true,"href":"https:\/\/www.gml.si\/hu\/wp-json\/wp\/v2\/media\/11910"}],"wp:attachment":[{"href":"https:\/\/www.gml.si\/hu\/wp-json\/wp\/v2\/media?parent=13016"}],"wp:term":[{"taxonomy":"category","embeddable":true,"href":"https:\/\/www.gml.si\/hu\/wp-json\/wp\/v2\/categories?post=13016"},{"taxonomy":"post_tag","embeddable":true,"href":"https:\/\/www.gml.si\/hu\/wp-json\/wp\/v2\/tags?post=13016"}],"curies":[{"name":"wp","href":"https:\/\/api.w.org\/{rel}","templated":true}]}}