{"id":13018,"date":"2019-09-27T09:43:12","date_gmt":"2019-09-27T07:43:12","guid":{"rendered":"https:\/\/www.gml.si\/a-turizmus-vilagnapja-lendvan-2019-9-27-en\/"},"modified":"2019-09-27T09:43:12","modified_gmt":"2019-09-27T07:43:12","slug":"a-turizmus-vilagnapja-lendvan-2019-9-27-en","status":"publish","type":"post","link":"https:\/\/www.gml.si\/hu\/a-turizmus-vilagnapja-lendvan-2019-9-27-en\/","title":{"rendered":"A TURIZMUS VIL\u00c1GNAPJA LENDV\u00c1N (2019. 9. 27-\u00e9n)"},"content":{"rendered":"<p><a href=\"http:\/\/www.gml.si\/wp-content\/uploads\/2019\/09\/svetovni_dan_turizma_2019_visitlendava_1500.jpg\" data-lbwps-width=\"1500\" data-lbwps-height=\"1001\" data-lbwps-srcsmall=\"https:\/\/www.gml.si\/wp-content\/uploads\/2019\/09\/svetovni_dan_turizma_2019_visitlendava_1500-500x334.jpg\"><img loading=\"lazy\" decoding=\"async\" class=\"alignleft size-large wp-image-6805\" src=\"http:\/\/www.gml.si\/wp-content\/uploads\/2019\/09\/svetovni_dan_turizma_2019_visitlendava_1500-1024x683.jpg\" alt=\"\" width=\"640\" height=\"427\" srcset=\"https:\/\/www.gml.si\/wp-content\/uploads\/2019\/09\/svetovni_dan_turizma_2019_visitlendava_1500-1024x683.jpg 1024w, https:\/\/www.gml.si\/wp-content\/uploads\/2019\/09\/svetovni_dan_turizma_2019_visitlendava_1500-500x334.jpg 500w, https:\/\/www.gml.si\/wp-content\/uploads\/2019\/09\/svetovni_dan_turizma_2019_visitlendava_1500.jpg 1500w\" sizes=\"auto, (max-width: 640px) 100vw, 640px\" \/><\/a><\/p>\n<p>Szeretettel megh\u00edvjuk \u00f6n\u00f6ket Lendv\u00e1ra <br \/>\n<span style=\"font-size: 24px;\"><strong>2019. szeptember 27-\u00e9n, p\u00e9nteken<\/strong><\/span><\/p>\n<p><strong>10.00-16.00:<\/strong><br \/>\nE-bike teszt, Murania Ker\u00e9kp\u00e1ros K\u00f6zpont<\/p>\n<p><strong>10.00-12.00:<\/strong><br \/>\nIdegenvezet\u00e9s, Lendvai Sz\u00ednh\u00e1z- \u00e9s Hangversenyterem<\/p>\n<p><strong>11.00:<\/strong><br \/>\nGyalogt\u00fara a Lendva \u00f3v\u00e1ros\u00e1ban, Turinform iroda Lendva<\/p>\n<p><strong>12.00, 14.00, 16.00:<\/strong><br \/>\nIdegenvezet\u00e9s a Lendvai Vinarium kil\u00e1t\u00f3toronyon<\/p>\n<p><strong>16.30:<\/strong><br \/>\nK\u00e9tnyelv\u0171 t\u00e1rlatvezet\u00e9s v\u00e1rja az \u00e9rdekl\u0151d\u0151ket a CHRISTO &amp; Jeanne-Claude: Rejtett val\u00f3s\u00e1g c\u00edm\u0171 ki\u00e1ll\u00edt\u00e1sban a lendvai v\u00e1rban, a HADIK-k\u00f6nyv 50 %-os kedvezm\u00e9nnyel v\u00e1s\u00e1rolhat\u00f3 meg a Lendvai Gal\u00e9ria \u00e9s M\u00fazeum valamennyi kiadv\u00e1ny\u00e1val egy\u00fctt.<\/p>\n<p><strong>17.30:<\/strong><br \/>\nA Legenda \u00e9s val\u00f3s\u00e1g a Hadik-m\u00fami\u00e1r\u00f3l c\u00edm\u0171 k\u00f6nyv bemutat\u00e1s\u00e1ra ker\u00fcl sor a Polg\u00e1rs\u00e1g M\u00fazeum\u00e1ban (Lendva, F\u0151 utca 52.)<\/p>\n<hr \/>\n<p>KAPCSOLATOK<\/p>\n<ul>\n<li><a href=\"https:\/\/www.facebook.com\/visitlendava\/\">Facebook: Visit Lendava<\/a><\/li>\n<li><a href=\"http:\/\/www.lendava-lendva.si\/\">www.lendava-lendva.si<\/a><\/li>\n<li><a href=\"http:\/\/ztr.si\/\">Zavod za turizem in razvoj Lendava &#8211; Turisztikai \u00e9s Fejleszt\u00e9si K\u00f6zint\u00e9zet<\/a><\/li>\n<\/ul>\n","protected":false},"excerpt":{"rendered":"<p>Szeretettel megh\u00edvjuk \u00f6n\u00f6ket Lendv\u00e1ra 2019. szeptember 27-\u00e9n, p\u00e9nteken. <a href=\"https:\/\/www.gml.si\/hu\/a-turizmus-vilagnapja-lendvan-2019-9-27-en\/\"><\/p>\n<p>B\u0151vebben <span class=\"meta-nav\">\u2192<\/span><\/a><\/p>\n","protected":false},"author":5,"featured_media":11916,"comment_status":"closed","ping_status":"closed","sticky":false,"template":"","format":"standard","meta":{"inline_featured_image":false,"footnotes":""},"categories":[58],"tags":[],"class_list":["post-13018","post","type-post","status-publish","format-standard","has-post-thumbnail","hentry","category-hirek"],"_links":{"self":[{"href":"https:\/\/www.gml.si\/hu\/wp-json\/wp\/v2\/posts\/13018","targetHints":{"allow":["GET"]}}],"collection":[{"href":"https:\/\/www.gml.si\/hu\/wp-json\/wp\/v2\/posts"}],"about":[{"href":"https:\/\/www.gml.si\/hu\/wp-json\/wp\/v2\/types\/post"}],"author":[{"embeddable":true,"href":"https:\/\/www.gml.si\/hu\/wp-json\/wp\/v2\/users\/5"}],"replies":[{"embeddable":true,"href":"https:\/\/www.gml.si\/hu\/wp-json\/wp\/v2\/comments?post=13018"}],"version-history":[{"count":0,"href":"https:\/\/www.gml.si\/hu\/wp-json\/wp\/v2\/posts\/13018\/revisions"}],"wp:featuredmedia":[{"embeddable":true,"href":"https:\/\/www.gml.si\/hu\/wp-json\/wp\/v2\/media\/11916"}],"wp:attachment":[{"href":"https:\/\/www.gml.si\/hu\/wp-json\/wp\/v2\/media?parent=13018"}],"wp:term":[{"taxonomy":"category","embeddable":true,"href":"https:\/\/www.gml.si\/hu\/wp-json\/wp\/v2\/categories?post=13018"},{"taxonomy":"post_tag","embeddable":true,"href":"https:\/\/www.gml.si\/hu\/wp-json\/wp\/v2\/tags?post=13018"}],"curies":[{"name":"wp","href":"https:\/\/api.w.org\/{rel}","templated":true}]}}