{"id":13020,"date":"2019-09-30T09:04:25","date_gmt":"2019-09-30T07:04:25","guid":{"rendered":"https:\/\/www.gml.si\/eloadas-a-zsinagogaban-ismert-lendvai-epuletek\/"},"modified":"2019-09-30T09:04:25","modified_gmt":"2019-09-30T07:04:25","slug":"eloadas-a-zsinagogaban-ismert-lendvai-epuletek","status":"publish","type":"post","link":"https:\/\/www.gml.si\/hu\/eloadas-a-zsinagogaban-ismert-lendvai-epuletek\/","title":{"rendered":"EL\u0150AD\u00c1S A ZSINAG\u00d3G\u00c1BAN: Ismert lendvai \u00e9p\u00fcletek"},"content":{"rendered":"<p><a href=\"http:\/\/www.gml.si\/wp-content\/uploads\/2019\/09\/lendava_sodisce_birosag.jpg\" data-lbwps-width=\"928\" data-lbwps-height=\"607\" data-lbwps-srcsmall=\"https:\/\/www.gml.si\/wp-content\/uploads\/2019\/09\/lendava_sodisce_birosag-500x327.jpg\"><img loading=\"lazy\" decoding=\"async\" class=\"alignleft size-full wp-image-11918\" src=\"http:\/\/www.gml.si\/wp-content\/uploads\/2019\/09\/lendava_sodisce_birosag.jpg\" alt=\"\" width=\"928\" height=\"607\" srcset=\"https:\/\/www.gml.si\/wp-content\/uploads\/2019\/09\/lendava_sodisce_birosag.jpg 928w, https:\/\/www.gml.si\/wp-content\/uploads\/2019\/09\/lendava_sodisce_birosag-500x327.jpg 500w, https:\/\/www.gml.si\/wp-content\/uploads\/2019\/09\/lendava_sodisce_birosag-768x502.jpg 768w\" sizes=\"auto, (max-width: 928px) 100vw, 928px\" \/><\/a>A Kultur\u00e1lis \u00d6r\u00f6ks\u00e9g Napjai alkalm\u00e1b\u00f3l <br \/>\na lendvai Gal\u00e9ria-M\u00fazeum minden \u00e9rdekl\u0151d\u0151t sok szeretettel megh\u00edv <br \/>\naz <em>Ismert lendvai \u00e9p\u00fcletek<\/em> c\u00edm\u0171 el\u0151ad\u00e1sra, <br \/>\namelyre <strong>2019. okt\u00f3ber 3-\u00e1n, cs\u00fct\u00f6rt\u00f6k\u00f6n 18 \u00f3rakor<\/strong> <br \/>\nkezd\u0151dik a lendvai zsinag\u00f3g\u00e1ban.<\/p>\n<p>Az el\u0151ad\u00f3 Pisnjak Atilla m\u0171v\u00e9szett\u00f6rt\u00e9n\u00e9sz lesz.<\/p>\n<hr \/>\n<h2>A M\u00c9DI\u00c1BAN<\/h2>\n<p>Lendavainfo.com: <a href=\"https:\/\/www.facebook.com\/galerijamuzej.lendava\">Kulturno-arhitekturni oris Lendave v lendavski sinagogi<\/a> (2019. 10. 4.)<\/p>\n","protected":false},"excerpt":{"rendered":"<p>A Kultur\u00e1lis \u00d6r\u00f6ks\u00e9g Napjai alkalm\u00e1b\u00f3l a lendvai Gal\u00e9ria-M\u00fazeum minden \u00e9rdekl\u0151d\u0151t sok szeretettel megh\u00edv az Ismert lendvai \u00e9p\u00fcletek c\u00edm\u0171 el\u0151ad\u00e1sra, amelyre 2019. okt\u00f3ber 3-\u00e1n, cs\u00fct\u00f6rt\u00f6k\u00f6n 18 \u00f3rakor kezd\u0151dik a lendvai zsinag\u00f3g\u00e1ban. Az el\u0151ad\u00f3 Pisnjak Atilla m\u0171v\u00e9szett\u00f6rt\u00e9n\u00e9sz lesz. A M\u00c9DI\u00c1BAN Lendavainfo.com: Kulturno-arhitekturni &hellip; <a href=\"https:\/\/www.gml.si\/hu\/eloadas-a-zsinagogaban-ismert-lendvai-epuletek\/\"><\/p>\n<p>B\u0151vebben <span class=\"meta-nav\">\u2192<\/span><\/a><\/p>\n","protected":false},"author":5,"featured_media":11918,"comment_status":"closed","ping_status":"closed","sticky":false,"template":"","format":"standard","meta":{"inline_featured_image":false,"footnotes":""},"categories":[58],"tags":[],"class_list":["post-13020","post","type-post","status-publish","format-standard","has-post-thumbnail","hentry","category-hirek"],"_links":{"self":[{"href":"https:\/\/www.gml.si\/hu\/wp-json\/wp\/v2\/posts\/13020","targetHints":{"allow":["GET"]}}],"collection":[{"href":"https:\/\/www.gml.si\/hu\/wp-json\/wp\/v2\/posts"}],"about":[{"href":"https:\/\/www.gml.si\/hu\/wp-json\/wp\/v2\/types\/post"}],"author":[{"embeddable":true,"href":"https:\/\/www.gml.si\/hu\/wp-json\/wp\/v2\/users\/5"}],"replies":[{"embeddable":true,"href":"https:\/\/www.gml.si\/hu\/wp-json\/wp\/v2\/comments?post=13020"}],"version-history":[{"count":0,"href":"https:\/\/www.gml.si\/hu\/wp-json\/wp\/v2\/posts\/13020\/revisions"}],"wp:featuredmedia":[{"embeddable":true,"href":"https:\/\/www.gml.si\/hu\/wp-json\/wp\/v2\/media\/11918"}],"wp:attachment":[{"href":"https:\/\/www.gml.si\/hu\/wp-json\/wp\/v2\/media?parent=13020"}],"wp:term":[{"taxonomy":"category","embeddable":true,"href":"https:\/\/www.gml.si\/hu\/wp-json\/wp\/v2\/categories?post=13020"},{"taxonomy":"post_tag","embeddable":true,"href":"https:\/\/www.gml.si\/hu\/wp-json\/wp\/v2\/tags?post=13020"}],"curies":[{"name":"wp","href":"https:\/\/api.w.org\/{rel}","templated":true}]}}