{"id":13024,"date":"2019-10-25T09:05:00","date_gmt":"2019-10-25T07:05:00","guid":{"rendered":"https:\/\/www.gml.si\/az-also-lendvai-hirado-az-elso-lendvai-lap-130-eve-cimu-emlekkonferencia\/"},"modified":"2019-10-25T09:05:00","modified_gmt":"2019-10-25T07:05:00","slug":"az-also-lendvai-hirado-az-elso-lendvai-lap-130-eve-cimu-emlekkonferencia","status":"publish","type":"post","link":"https:\/\/www.gml.si\/hu\/az-also-lendvai-hirado-az-elso-lendvai-lap-130-eve-cimu-emlekkonferencia\/","title":{"rendered":"Az Als\u00f3-Lendvai Hirad\u00f3, az els\u0151 lendvai lap 130 \u00e9ve c\u00edm\u0171 eml\u00e9kkonferencia"},"content":{"rendered":"<p><a href=\"http:\/\/www.gml.si\/wp-content\/uploads\/2019\/10\/also_lendvai_hirado_vabilo-meghivo_2019.jpg\" data-lbwps-width=\"679\" data-lbwps-height=\"960\" data-lbwps-srcsmall=\"https:\/\/www.gml.si\/wp-content\/uploads\/2019\/10\/also_lendvai_hirado_vabilo-meghivo_2019-354x500.jpg\"><img loading=\"lazy\" decoding=\"async\" class=\"alignright size-medium wp-image-6843\" src=\"http:\/\/www.gml.si\/wp-content\/uploads\/2019\/10\/also_lendvai_hirado_vabilo-meghivo_2019-354x500.jpg\" alt=\"\" width=\"354\" height=\"500\" srcset=\"https:\/\/www.gml.si\/wp-content\/uploads\/2019\/10\/also_lendvai_hirado_vabilo-meghivo_2019-354x500.jpg 354w, https:\/\/www.gml.si\/wp-content\/uploads\/2019\/10\/also_lendvai_hirado_vabilo-meghivo_2019.jpg 679w\" sizes=\"auto, (max-width: 354px) 100vw, 354px\" \/><\/a>M E G H \u00cd V \u00d3<\/p>\n<p>A Lendvai K\u00f6nyvt\u00e1r \u00e9s Kultur\u00e1lis K\u00f6zpont sok szeretettel megh\u00edv mindenkit az els\u0151 lendvai \u00fajs\u00e1g, az Als\u00f3-Lendvai Hirad\u00f3 megjelen\u00e9s\u00e9nek 130. \u00e9vfordul\u00f3ja alkalm\u00e1b\u00f3l rendezett eml\u00e9kkonferenci\u00e1ra, mely <strong>2019. okt\u00f3ber 28-\u00e1n<\/strong>, Lendva K\u00f6zs\u00e9g \u00fcnnep\u00e9n lesz a V\u00e1rosh\u00e1z\u00e1n <strong>10.00<\/strong> \u00f3rai kezdettel.<\/p>\n<p><em>Az els\u0151 lendvai \u00fajs\u00e1g, az Als\u00f3-Lendvai Hirad\u00f3 megjelen\u00e9s\u00e9nek 130. \u00e9vfordul\u00f3ja alkalm\u00e1b\u00f3l rendezett eml\u00e9kkonferencia programja:<\/em><\/p>\n<p><span style=\"font-size: 24px;\"><strong>10.00\u201313.00<br \/>\n<\/strong><\/span><br \/>\n<strong>\u2022 Dr. Hal\u00e1sz Albert<\/strong><br \/>\nAz als\u00f3lendvai sajt\u00f3 indul\u00e1s\u00e1nak k\u00f6r\u00fclm\u00e9nyei<\/p>\n<p><strong>\u2022 Dr. G\u00f6ncz L\u00e1szl\u00f3<\/strong><br \/>\nAls\u00f3lendva jellege az Als\u00f3-Lendvai Hirad\u00f3 megsz\u00fclet\u00e9s\u00e9nek id\u0151szak\u00e1ban, valamint a hetilap szerepe a helyt\u00f6rt\u00e9net-kutat\u00e1sban<\/p>\n<p><strong>\u2022 Dejan S\u00fc\u010d<\/strong><br \/>\nA legfontosabb als\u00f3lendvai nyomd\u00e1sz: Balk\u00e1nyi Ern\u0151<\/p>\n<p><strong>\u2022 Dr. Lendvai Kepe Zolt\u00e1n<\/strong><br \/>\nA Hadik-m\u00famia hist\u00f3ri\u00e1ja az Als\u00f3-Lendvai Hirad\u00f3 has\u00e1bjain<\/p>\n<p><strong>\u2022 Tadeja Andrejek<\/strong><br \/>\nAz Als\u00f3-Lendvai Hirad\u00f3 jelent\u00e9sei az Als\u00f3lendva sz\u0171kebb ter\u00fclet\u00e9n k\u00edv\u00fcli muravid\u00e9ki helyekr\u0151l<\/p>\n<p><strong>\u2022 Dr. Kov\u00e1cs Attila<\/strong><br \/>\nEls\u0151 vil\u00e1gh\u00e1bor\u00fas kit\u00fcntetettek az Als\u00f3-Lendvai Hirad\u00f3 t\u00fckr\u00e9ben<\/p>\n<p><strong>\u2022 Dr. Bence Lajos<\/strong><br \/>\nAz Als\u00f3-Lendvai Hirad\u00f3 a hanyatl\u00e1s \u00e9veiben<\/p>\n<p><strong>\u2022 Dr. Papp J\u00f3zsef<\/strong><br \/>\nMuraszombat \u00e9s Vid\u00e9ke hetilap mint gazdag helyismereti forr\u00e1s<\/p>\n<hr \/>\n<p><span style=\"font-size: 24px;\"><strong>15.00<\/strong><\/span><\/p>\n<p><strong>15.00<\/strong> \u00f3rakor a Lendvai Sz\u00ednh\u00e1z- \u00e9s Hangversenyteremben a lendvai sajt\u00f3term\u00e9kek ki\u00e1ll\u00edt\u00e1s\u00e1ra ker\u00fcl sor. (Zala Gy\u00f6rgy t\u00e9r 1.)<\/p>\n<hr \/>\n<p>A konferenci\u00e1t \u00e9s a ki\u00e1ll\u00edt\u00e1st Janez Magyar, Lendva K\u00f6zs\u00e9g polg\u00e1rmestere nyitja meg.<\/p>\n<p>Kapcsolat: <a href=\"http:\/\/www.kkl.si\">www.kkl.si<\/a><\/p>\n","protected":false},"excerpt":{"rendered":"<p>A Lendvai K\u00f6nyvt\u00e1r \u00e9s Kultur\u00e1lis K\u00f6zpont sok szeretettel megh\u00edv mindenkit az els\u0151 lendvai \u00fajs\u00e1g, az Als\u00f3-Lendvai Hirad\u00f3 megjelen\u00e9s\u00e9nek 130. \u00e9vfordul\u00f3ja alkalm\u00e1b\u00f3l rendezett eml\u00e9kkonferenci\u00e1ra, mely <strong>2019. okt\u00f3ber 28-\u00e1n<\/strong>, Lendva K\u00f6zs\u00e9g \u00fcnnep\u00e9n lesz a V\u00e1rosh\u00e1z\u00e1n 10.00 \u00f3rai kezdettel. <a href=\"https:\/\/www.gml.si\/hu\/az-also-lendvai-hirado-az-elso-lendvai-lap-130-eve-cimu-emlekkonferencia\/\"><\/p>\n<p>B\u0151vebben <span class=\"meta-nav\">\u2192<\/span><\/a><\/p>\n","protected":false},"author":5,"featured_media":11926,"comment_status":"closed","ping_status":"closed","sticky":false,"template":"","format":"standard","meta":{"inline_featured_image":false,"footnotes":""},"categories":[58],"tags":[],"class_list":["post-13024","post","type-post","status-publish","format-standard","has-post-thumbnail","hentry","category-hirek"],"_links":{"self":[{"href":"https:\/\/www.gml.si\/hu\/wp-json\/wp\/v2\/posts\/13024","targetHints":{"allow":["GET"]}}],"collection":[{"href":"https:\/\/www.gml.si\/hu\/wp-json\/wp\/v2\/posts"}],"about":[{"href":"https:\/\/www.gml.si\/hu\/wp-json\/wp\/v2\/types\/post"}],"author":[{"embeddable":true,"href":"https:\/\/www.gml.si\/hu\/wp-json\/wp\/v2\/users\/5"}],"replies":[{"embeddable":true,"href":"https:\/\/www.gml.si\/hu\/wp-json\/wp\/v2\/comments?post=13024"}],"version-history":[{"count":0,"href":"https:\/\/www.gml.si\/hu\/wp-json\/wp\/v2\/posts\/13024\/revisions"}],"wp:featuredmedia":[{"embeddable":true,"href":"https:\/\/www.gml.si\/hu\/wp-json\/wp\/v2\/media\/11926"}],"wp:attachment":[{"href":"https:\/\/www.gml.si\/hu\/wp-json\/wp\/v2\/media?parent=13024"}],"wp:term":[{"taxonomy":"category","embeddable":true,"href":"https:\/\/www.gml.si\/hu\/wp-json\/wp\/v2\/categories?post=13024"},{"taxonomy":"post_tag","embeddable":true,"href":"https:\/\/www.gml.si\/hu\/wp-json\/wp\/v2\/tags?post=13024"}],"curies":[{"name":"wp","href":"https:\/\/api.w.org\/{rel}","templated":true}]}}