{"id":13026,"date":"2019-10-30T10:19:14","date_gmt":"2019-10-30T09:19:14","guid":{"rendered":"https:\/\/www.gml.si\/ertesites-unnepi-es-teli-nyitvatartas\/"},"modified":"2019-10-30T10:19:14","modified_gmt":"2019-10-30T09:19:14","slug":"ertesites-unnepi-es-teli-nyitvatartas","status":"publish","type":"post","link":"https:\/\/www.gml.si\/hu\/ertesites-unnepi-es-teli-nyitvatartas\/","title":{"rendered":"\u00c9RTES\u00cdT\u00c9S: \u00dcnnepi \u00e9s t\u00e9li nyitvatart\u00e1s"},"content":{"rendered":"<p><a href=\"http:\/\/www.gml.si\/wp-content\/uploads\/2019\/10\/simbol_ura2.png\" data-lbwps-width=\"225\" data-lbwps-height=\"225\" data-lbwps-srcsmall=\"https:\/\/www.gml.si\/wp-content\/uploads\/2019\/10\/simbol_ura2.png\"><img loading=\"lazy\" decoding=\"async\" class=\"alignright size-full wp-image-11928\" src=\"http:\/\/www.gml.si\/wp-content\/uploads\/2019\/10\/simbol_ura2.png\" alt=\"\" width=\"225\" height=\"225\" srcset=\"https:\/\/www.gml.si\/wp-content\/uploads\/2019\/10\/simbol_ura2.png 225w, https:\/\/www.gml.si\/wp-content\/uploads\/2019\/10\/simbol_ura2-120x120.png 120w\" sizes=\"auto, (max-width: 225px) 100vw, 225px\" \/><\/a>\u00c9rtes\u00edtj\u00fck \u00d6n\u00f6ket, hogy a k\u00f6zelg\u0151 <strong>\u00fcnnepek alatt<\/strong> v\u00e1ltozik a Gal\u00e9ria-M\u00fazeum nyitvatart\u00e1sa:<\/p>\n<p><strong>Lendvai v\u00e1r<\/strong><br \/>\n2019. 10. 31. (cs\u00fct\u00f6rt\u00f6k): 10.00\u201318.00<br \/>\n2019. 11. 1. (p\u00e9ntek): Z\u00c1RVA<\/p>\n<p><strong>Zsinag\u00f3ga<\/strong><br \/>\n2019. 10. 31. (cs\u00fct\u00f6rt\u00f6k): 10.00\u201316.00<br \/>\n2019. 11. 1. (p\u00e9ntek): ZAPRTO<\/p>\n<p><strong>Lendva polg\u00e1rosod\u00e1sa, nyomd\u00e1szata \u00e9s erny\u0151gy\u00e1rt\u00e1sa<\/strong><br \/>\n2019. 10. 31. (cs\u00fct\u00f6rt\u00f6k): 10.00\u201316.00<br \/>\n2019. 11. 1. (p\u00e9ntek): Z\u00c1RVA<\/p>\n<hr \/>\n<p><span style=\"font-size: 24px;\"><strong>November 2-t\u00f3l a t\u00e9li nyitvatart\u00e1s van \u00e9rv\u00e9nyben:<\/strong><\/span><\/p>\n<p><strong>Lendvai v\u00e1r<\/strong><br \/>\nh\u00e9tf\u0151\u2013p\u00e9ntek: 8.00\u201316.00<br \/>\nszombat: 10.00\u201314.00<br \/>\nvas\u00e1rnap: Z\u00c1RVA<\/p>\n<p><strong>Zsinag\u00f3ga<\/strong><br \/>\nh\u00e9tf\u0151\u2013szombat: nyitva csak az el\u0151re bejelentett csoportok sz\u00e1m\u00e1ra<br \/>\nvas\u00e1rnap: Z\u00c1RVA<\/p>\n<p><strong>Lendva polg\u00e1rosod\u00e1sa, nyomd\u00e1szata \u00e9s erny\u0151gy\u00e1rt\u00e1sa<\/strong><br \/>\nh\u00e9tf\u0151\u2013szombat: nyitva csak az el\u0151re bejelentett csoportok sz\u00e1m\u00e1ra<br \/>\nvas\u00e1rnap: Z\u00c1RVA<\/p>\n","protected":false},"excerpt":{"rendered":"<p>\u00c9rtes\u00edtj\u00fck \u00d6n\u00f6ket, hogy a k\u00f6zelg\u0151 \u00fcnnepek alatt v\u00e1ltozik a Gal\u00e9ria-M\u00fazeum nyitvatart\u00e1sa. November 2-t\u00f3l pedig a t\u00e9li nyitvatart\u00e1s van \u00e9rv\u00e9nyben. <a href=\"https:\/\/www.gml.si\/hu\/ertesites-unnepi-es-teli-nyitvatartas\/\"><\/p>\n<p>B\u0151vebben <span class=\"meta-nav\">\u2192<\/span><\/a><\/p>\n","protected":false},"author":5,"featured_media":11928,"comment_status":"closed","ping_status":"closed","sticky":false,"template":"","format":"standard","meta":{"inline_featured_image":false,"footnotes":""},"categories":[58],"tags":[],"class_list":["post-13026","post","type-post","status-publish","format-standard","has-post-thumbnail","hentry","category-hirek"],"_links":{"self":[{"href":"https:\/\/www.gml.si\/hu\/wp-json\/wp\/v2\/posts\/13026","targetHints":{"allow":["GET"]}}],"collection":[{"href":"https:\/\/www.gml.si\/hu\/wp-json\/wp\/v2\/posts"}],"about":[{"href":"https:\/\/www.gml.si\/hu\/wp-json\/wp\/v2\/types\/post"}],"author":[{"embeddable":true,"href":"https:\/\/www.gml.si\/hu\/wp-json\/wp\/v2\/users\/5"}],"replies":[{"embeddable":true,"href":"https:\/\/www.gml.si\/hu\/wp-json\/wp\/v2\/comments?post=13026"}],"version-history":[{"count":0,"href":"https:\/\/www.gml.si\/hu\/wp-json\/wp\/v2\/posts\/13026\/revisions"}],"wp:featuredmedia":[{"embeddable":true,"href":"https:\/\/www.gml.si\/hu\/wp-json\/wp\/v2\/media\/11928"}],"wp:attachment":[{"href":"https:\/\/www.gml.si\/hu\/wp-json\/wp\/v2\/media?parent=13026"}],"wp:term":[{"taxonomy":"category","embeddable":true,"href":"https:\/\/www.gml.si\/hu\/wp-json\/wp\/v2\/categories?post=13026"},{"taxonomy":"post_tag","embeddable":true,"href":"https:\/\/www.gml.si\/hu\/wp-json\/wp\/v2\/tags?post=13026"}],"curies":[{"name":"wp","href":"https:\/\/api.w.org\/{rel}","templated":true}]}}