{"id":13036,"date":"2019-11-26T15:30:16","date_gmt":"2019-11-26T14:30:16","guid":{"rendered":"https:\/\/www.gml.si\/premier-elotti-vetites-muravidek-kulturtortenetivazlatc-dokumentumfilm-odrianc-kozseg-disztermeben\/"},"modified":"2019-11-26T15:30:16","modified_gmt":"2019-11-26T14:30:16","slug":"premier-elotti-vetites-muravidek-kulturtortenetivazlatc-dokumentumfilm-odrianc-kozseg-disztermeben","status":"publish","type":"post","link":"https:\/\/www.gml.si\/hu\/premier-elotti-vetites-muravidek-kulturtortenetivazlatc-dokumentumfilm-odrianc-kozseg-disztermeben\/","title":{"rendered":"PREMIER EL\u0150TTI VET\u00cdT\u00c9S: MURAVID\u00c9K-kult\u00fart\u00f6rt\u00e9netiv\u00e1zlatc.dokumentumfilm Odri\u00e1nc K\u00f6zs\u00e9g d\u00edszterm\u00e9ben"},"content":{"rendered":"<p>Tisztelettel megh\u00edvjuk a MURAVID\u00c9K &#8211; kult\u00fart\u00f6rt\u00e9neti v\u00e1zlat c. dokumentumfilm premi\u00e9r el\u0151tti vet\u00edt\u00e9s\u00e9re Odri\u00e1nc K\u00f6zs\u00e9g d\u00edszterm\u00e9be <strong>2019. nov. 28-\u00e1n 18 \u00f3rakor<\/strong>.<\/p>\n<p>A film elk\u00e9sz\u00edt\u00e9s\u00e9n\u00e9l k\u00f6zrem\u0171k\u00f6d\u00f6tt a Lendvai Gal\u00e9ria \u00e9s M\u00fazeum, valamint dr. Lendvai Kepe Zolt\u00e1n f\u0151muzeol\u00f3gus.<\/p>\n<p>A film <strong>2019. dec. 3-\u00e1n<\/strong> ker\u00fcl bemutat\u00e1sra az RTV SLO csatorn\u00e1j\u00e1n, ut\u00e1na pedig megtekinthet\u0151 lesz az RTV SLO arch\u00edvum\u00e1ban (<a href=\"https:\/\/4d.rtvslo.si\/\">4d.rtvslo.si<\/a>)<\/p>\n<p><a href=\"http:\/\/www.gml.si\/wp-content\/uploads\/2019\/11\/kulturne_vrednote_prekmurja.jpg\" data-lbwps-width=\"1860\" data-lbwps-height=\"1232\" data-lbwps-srcsmall=\"https:\/\/www.gml.si\/wp-content\/uploads\/2019\/11\/kulturne_vrednote_prekmurja-500x331.jpg\"><img loading=\"lazy\" decoding=\"async\" class=\"size-large wp-image-6881 alignleft\" src=\"http:\/\/www.gml.si\/wp-content\/uploads\/2019\/11\/kulturne_vrednote_prekmurja-1024x678.jpg\" alt=\"\" width=\"640\" height=\"424\" srcset=\"https:\/\/www.gml.si\/wp-content\/uploads\/2019\/11\/kulturne_vrednote_prekmurja-1024x678.jpg 1024w, https:\/\/www.gml.si\/wp-content\/uploads\/2019\/11\/kulturne_vrednote_prekmurja-500x331.jpg 500w, https:\/\/www.gml.si\/wp-content\/uploads\/2019\/11\/kulturne_vrednote_prekmurja.jpg 1860w\" sizes=\"auto, (max-width: 640px) 100vw, 640px\" \/><\/a><\/p>\n<hr \/>\n<p><strong>Kapcsolat:<\/strong><br \/>\n<a href=\"https:\/\/4d.rtvslo.si\/arhiv\/dokumentarni-filmi-in-oddaje-kulturno-umetniski-program\/174655526\">https:\/\/4d.rtvslo.si\/arhiv\/dokumentarni-filmi-in-oddaje-kulturno-umetniski-program\/174655526<\/a><\/p>\n","protected":false},"excerpt":{"rendered":"<p>Tisztelettel megh\u00edvjuk a MURAVID\u00c9K &#8211; kult\u00fart\u00f6rt\u00e9neti v\u00e1zlat c. dokumentumfilm premi\u00e9r el\u0151tti vet\u00edt\u00e9s\u00e9re Odri\u00e1nc K\u00f6zs\u00e9g d\u00edszterm\u00e9be <strong>2019. nov. 28-\u00e1n 18 \u00f3rakor<\/strong>.<\/p>\n<p>A film elk\u00e9sz\u00edt\u00e9s\u00e9n\u00e9l k\u00f6zrem\u0171k\u00f6d\u00f6tt a Lendvai Gal\u00e9ria \u00e9s M\u00fazeum, valamint dr. Lendvai Kepe Zolt\u00e1n f\u0151muzeol\u00f3gus. <a href=\"https:\/\/www.gml.si\/hu\/premier-elotti-vetites-muravidek-kulturtortenetivazlatc-dokumentumfilm-odrianc-kozseg-disztermeben\/\"><\/p>\n<p>B\u0151vebben <span class=\"meta-nav\">\u2192<\/span><\/a><\/p>\n","protected":false},"author":5,"featured_media":11946,"comment_status":"closed","ping_status":"closed","sticky":false,"template":"","format":"standard","meta":{"inline_featured_image":false,"footnotes":""},"categories":[58],"tags":[],"class_list":["post-13036","post","type-post","status-publish","format-standard","has-post-thumbnail","hentry","category-hirek"],"_links":{"self":[{"href":"https:\/\/www.gml.si\/hu\/wp-json\/wp\/v2\/posts\/13036","targetHints":{"allow":["GET"]}}],"collection":[{"href":"https:\/\/www.gml.si\/hu\/wp-json\/wp\/v2\/posts"}],"about":[{"href":"https:\/\/www.gml.si\/hu\/wp-json\/wp\/v2\/types\/post"}],"author":[{"embeddable":true,"href":"https:\/\/www.gml.si\/hu\/wp-json\/wp\/v2\/users\/5"}],"replies":[{"embeddable":true,"href":"https:\/\/www.gml.si\/hu\/wp-json\/wp\/v2\/comments?post=13036"}],"version-history":[{"count":0,"href":"https:\/\/www.gml.si\/hu\/wp-json\/wp\/v2\/posts\/13036\/revisions"}],"wp:featuredmedia":[{"embeddable":true,"href":"https:\/\/www.gml.si\/hu\/wp-json\/wp\/v2\/media\/11946"}],"wp:attachment":[{"href":"https:\/\/www.gml.si\/hu\/wp-json\/wp\/v2\/media?parent=13036"}],"wp:term":[{"taxonomy":"category","embeddable":true,"href":"https:\/\/www.gml.si\/hu\/wp-json\/wp\/v2\/categories?post=13036"},{"taxonomy":"post_tag","embeddable":true,"href":"https:\/\/www.gml.si\/hu\/wp-json\/wp\/v2\/tags?post=13036"}],"curies":[{"name":"wp","href":"https:\/\/api.w.org\/{rel}","templated":true}]}}