{"id":13038,"date":"2019-11-26T20:25:49","date_gmt":"2019-11-26T19:25:49","guid":{"rendered":"https:\/\/www.gml.si\/advent-lendvan-2019-ben\/"},"modified":"2019-11-26T20:25:49","modified_gmt":"2019-11-26T19:25:49","slug":"advent-lendvan-2019-ben","status":"publish","type":"post","link":"https:\/\/www.gml.si\/hu\/advent-lendvan-2019-ben\/","title":{"rendered":"Advent Lendv\u00e1n 2019-ben"},"content":{"rendered":"<p><a href=\"http:\/\/www.gml.si\/wp-content\/uploads\/2019\/11\/advent_v_lendavi_2019_naslovnica_splet.jpg\" data-lbwps-width=\"1061\" data-lbwps-height=\"1500\" data-lbwps-srcsmall=\"https:\/\/www.gml.si\/wp-content\/uploads\/2019\/11\/advent_v_lendavi_2019_naslovnica_splet-354x500.jpg\"><img loading=\"lazy\" decoding=\"async\" class=\"alignright wp-image-6885\" src=\"http:\/\/www.gml.si\/wp-content\/uploads\/2019\/11\/advent_v_lendavi_2019_naslovnica_splet-354x500.jpg\" alt=\"\" width=\"250\" height=\"353\" srcset=\"https:\/\/www.gml.si\/wp-content\/uploads\/2019\/11\/advent_v_lendavi_2019_naslovnica_splet-354x500.jpg 354w, https:\/\/www.gml.si\/wp-content\/uploads\/2019\/11\/advent_v_lendavi_2019_naslovnica_splet-724x1024.jpg 724w, https:\/\/www.gml.si\/wp-content\/uploads\/2019\/11\/advent_v_lendavi_2019_naslovnica_splet.jpg 1061w\" sizes=\"auto, (max-width: 250px) 100vw, 250px\" \/><\/a><span style=\"font-size: 24px;\">2019. nov. 29. \u2013 dec. 31.<\/span><\/p>\n<p>Az <strong>advent<\/strong>, az \u201eelj\u00f6vetel\u201d jelent\u00e9s\u0171, latin \u201eadventus\u201d sz\u00f3b\u00f3l ered, \u00e9s az \u00fcnnepi id\u0151szakot jelk\u00e9pezi, amikor mindenki tele van v\u00e1rakoz\u00e1ssal, j\u00f3k\u00edv\u00e1ns\u00e1gokkal, sz\u00e9p gondolatokkal, \u00e9s a j\u00f6v\u0151 rem\u00e9ny\u00e9vel. December a f\u00e9nyek \u00e9s \u00fcnnepek, a mosolyg\u00f3s \u00e9s boldog arcok id\u0151szaka, legyen ez \u00edgy az id\u00e9n is.<\/p>\n<p>J\u00f6jj\u00f6n el \u00f6n is, \u00e9lvezz\u00fck egy\u00fctt a m\u00e1mor\u00edt\u00f3 forraltbor \u00e9s nemes borok, a l\u00e1ngos, a f\u0151tt kolb\u00e1sz \u00e9s a m\u00e9zeskal\u00e1cs, valamint a gazdag sz\u00f3rakoztat\u00f3-kultur\u00e1lis programok mellett az adventi lendvai \u00e9lm\u00e9nyeket.<\/p>\n<p><em>Szeretettel v\u00e1runk mindenkit!<\/em><\/p>\n<hr \/>\n<p><strong>Kapcsolat:<\/strong> <a href=\"http:\/\/www.lendava-lendva.si\/\">www.lendava-lendva.si<\/a><\/p>\n<p><iframe style=\"border: none; width: 100%; height: 500px;\" src=\"\/\/e.issuu.com\/embed.html?d=advent_v_lendavi_2019_a4&amp;doAutoflipPages=true&amp;u=opeter\" allowfullscreen=\"allowfullscreen\"><\/iframe><\/p>\n<p>Amennyiben \u00d6n is szeretn\u00e9 megjelenteni a programf\u00fczetet a honlapj\u00e1n, haszn\u00e1lja fel az al\u00e1bbi k\u00f3dot:<\/p>\n<p><code>&lt;iframe style=\"border: none; width: 100%; height: 500px;\" src=\"\/\/e.issuu.com\/embed.html?d=advent_v_lendavi_2019_a4&amp;doAutoflipPages=true&amp;u=opeter\" allowfullscreen=\"allowfullscreen\"&gt;<\/code><\/p>\n<p>A <code>height:500px<\/code> \u00e9rt\u00e9k lehet b\u00e1rmilyen sz\u00e1m (ez a magass\u00e1got hat\u00e1rozza meg).<\/p>\n<p>K\u00f6zvetlen kapcsolat (teljes k\u00e9perny\u0151s n\u00e9zet): <a href=\"https:\/\/issuu.com\/opeter\/docs\/advent_v_lendavi_2019_a4?fr=sOTBjOTEyMDAwNw\">https:\/\/issuu.com\/opeter\/docs\/advent_v_lendavi_2019_a4?fr=sOTBjOTEyMDAwNw<\/a><\/p>\n","protected":false},"excerpt":{"rendered":"<p>J\u00f6jj\u00f6n el \u00f6n is, \u00e9lvezz\u00fck egy\u00fctt a m\u00e1mor\u00edt\u00f3 forraltbor \u00e9s nemes borok, a l\u00e1ngos, a f\u0151tt kolb\u00e1sz \u00e9s a m\u00e9zeskal\u00e1cs, valamint a gazdag sz\u00f3rakoztat\u00f3-kultur\u00e1lis programok mellett az adventi lendvai \u00e9lm\u00e9nyeket.<\/p>\n<p><em>Szeretettel v\u00e1runk mindenkit!<\/em> <a href=\"https:\/\/www.gml.si\/hu\/advent-lendvan-2019-ben\/\"><\/p>\n<p>B\u0151vebben <span class=\"meta-nav\">\u2192<\/span><\/a><\/p>\n","protected":false},"author":5,"featured_media":11948,"comment_status":"closed","ping_status":"closed","sticky":false,"template":"","format":"standard","meta":{"inline_featured_image":false,"footnotes":""},"categories":[58],"tags":[],"class_list":["post-13038","post","type-post","status-publish","format-standard","has-post-thumbnail","hentry","category-hirek"],"_links":{"self":[{"href":"https:\/\/www.gml.si\/hu\/wp-json\/wp\/v2\/posts\/13038","targetHints":{"allow":["GET"]}}],"collection":[{"href":"https:\/\/www.gml.si\/hu\/wp-json\/wp\/v2\/posts"}],"about":[{"href":"https:\/\/www.gml.si\/hu\/wp-json\/wp\/v2\/types\/post"}],"author":[{"embeddable":true,"href":"https:\/\/www.gml.si\/hu\/wp-json\/wp\/v2\/users\/5"}],"replies":[{"embeddable":true,"href":"https:\/\/www.gml.si\/hu\/wp-json\/wp\/v2\/comments?post=13038"}],"version-history":[{"count":0,"href":"https:\/\/www.gml.si\/hu\/wp-json\/wp\/v2\/posts\/13038\/revisions"}],"wp:featuredmedia":[{"embeddable":true,"href":"https:\/\/www.gml.si\/hu\/wp-json\/wp\/v2\/media\/11948"}],"wp:attachment":[{"href":"https:\/\/www.gml.si\/hu\/wp-json\/wp\/v2\/media?parent=13038"}],"wp:term":[{"taxonomy":"category","embeddable":true,"href":"https:\/\/www.gml.si\/hu\/wp-json\/wp\/v2\/categories?post=13038"},{"taxonomy":"post_tag","embeddable":true,"href":"https:\/\/www.gml.si\/hu\/wp-json\/wp\/v2\/tags?post=13038"}],"curies":[{"name":"wp","href":"https:\/\/api.w.org\/{rel}","templated":true}]}}