{"id":13060,"date":"2020-01-30T09:31:17","date_gmt":"2020-01-30T08:31:17","guid":{"rendered":"https:\/\/www.gml.si\/kiallitas-a-zsinagogaban-soa-2020-auschwitz-egy-hely-a-foldon-auschwitz-album\/"},"modified":"2020-01-30T09:31:17","modified_gmt":"2020-01-30T08:31:17","slug":"kiallitas-a-zsinagogaban-soa-2020-auschwitz-egy-hely-a-foldon-auschwitz-album","status":"publish","type":"post","link":"https:\/\/www.gml.si\/hu\/kiallitas-a-zsinagogaban-soa-2020-auschwitz-egy-hely-a-foldon-auschwitz-album\/","title":{"rendered":"KI\u00c1LL\u00cdT\u00c1S A ZSINAG\u00d3G\u00c1BAN: SO\u00c1 2020 &#8211; Auschwitz &#8211; egy hely a F\u00f6ld\u00f6n: Auschwitz Album"},"content":{"rendered":"<p><a href=\"http:\/\/www.gml.si\/wp-content\/uploads\/2020\/01\/vabilo_SOA_2020_grafika.png\" data-lbwps-width=\"7224\" data-lbwps-height=\"2288\" data-lbwps-srcsmall=\"https:\/\/www.gml.si\/wp-content\/uploads\/2020\/01\/vabilo_SOA_2020_grafika-500x158.png\"><img loading=\"lazy\" decoding=\"async\" class=\"alignleft size-large wp-image-6970\" src=\"http:\/\/www.gml.si\/wp-content\/uploads\/2020\/01\/vabilo_SOA_2020_grafika-1024x324.png\" alt=\"\" width=\"640\" height=\"203\" srcset=\"https:\/\/www.gml.si\/wp-content\/uploads\/2020\/01\/vabilo_SOA_2020_grafika-1024x324.png 1024w, https:\/\/www.gml.si\/wp-content\/uploads\/2020\/01\/vabilo_SOA_2020_grafika-500x158.png 500w\" sizes=\"auto, (max-width: 640px) 100vw, 640px\" \/><\/a><\/p>\n<p>A holokauszt \u00e1ldozatainak nemzetk\u00f6zi eml\u00e9knapja <br \/>\n\u00e9s az auschwitzi koncentr\u00e1ci\u00f3s t\u00e1bor felszabad\u00edt\u00e1s\u00e1nak <br \/>\n75. \u00e9vfordul\u00f3ja alkalm\u00e1b\u00f3l megh\u00edvjuk \u00d6n\u00f6ket a lendvai zsinag\u00f3g\u00e1ban, <br \/>\n<strong>2020. janu\u00e1r 30-\u00e1n<\/strong>, cs\u00fct\u00f6rt\u00f6k\u00f6n, <strong>18 \u00f3rai<\/strong> kezdettel <br \/>\nmegtartott k\u00f6zponti megeml\u00e9kez\u00e9sre.<\/p>\n<p><span style=\"font-size: 28px;\">Eml\u00e9kez\u00fcnk<\/span><\/p>\n<p>Lendva K\u00f6zs\u00e9g a holokauszt szlov\u00e9niai \u00e1ldozatainak nevei hagyom\u00e1nyos felolvas\u00e1s\u00e1val<br \/>\negybek\u00f6t\u00f6tt programot Muraszombat K\u00f6zs\u00e9ggel, a Maribori Zsinag\u00f3ga &#8211; Zsid\u00f3 Kultur\u00e1lis<br \/>\n\u00d6r\u00f6ks\u00e9g K\u00f6zpontj\u00e1val \u00e9s a Ljubljanai Zsid\u00f3 Kultur\u00e1lis K\u00f6zponttal egy\u00fcttm\u0171k\u00f6dve k\u00e9sz\u00edtette.<\/p>\n<p>Az \u00e9vfordul\u00f3 alkalm\u00e1b\u00f3l megnyitjuk az<br \/>\n<strong>Auschwitz &#8211; egy hely a F\u00f6ld\u00f6n: Auschwitz Album<\/strong> c\u00edm\u0171 fot\u00f3ki\u00e1ll\u00edt\u00e1st.<\/p>\n<p>Az im\u00e1t az elhunytak\u00e9rt Ariel Haddad, a szlov\u00e9niai zsid\u00f3 k\u00f6z\u00f6ss\u00e9g rabbija mondja el.<\/p>\n<p>A megeml\u00e9kez\u00e9s \u00fcnnepi sz\u00f3noka Borut Pahor, a Szlov\u00e9n K\u00f6zt\u00e1rsas\u00e1g eln\u00f6ke lesz.<\/p>\n<p><a href=\"http:\/\/www.gml.si\/wp-content\/uploads\/2020\/01\/soa_2020.jpg\" data-lbwps-width=\"679\" data-lbwps-height=\"960\" data-lbwps-srcsmall=\"https:\/\/www.gml.si\/wp-content\/uploads\/2020\/01\/soa_2020-354x500.jpg\"><img loading=\"lazy\" decoding=\"async\" class=\"alignnone size-full wp-image-11984\" src=\"http:\/\/www.gml.si\/wp-content\/uploads\/2020\/01\/soa_2020.jpg\" alt=\"\" width=\"679\" height=\"960\" srcset=\"https:\/\/www.gml.si\/wp-content\/uploads\/2020\/01\/soa_2020.jpg 679w, https:\/\/www.gml.si\/wp-content\/uploads\/2020\/01\/soa_2020-354x500.jpg 354w\" sizes=\"auto, (max-width: 679px) 100vw, 679px\" \/><\/a><\/p>\n","protected":false},"excerpt":{"rendered":"<p>A holokauszt \u00e1ldozatainak nemzetk\u00f6zi eml\u00e9knapja \u00e9s az auschwitzi koncentr\u00e1ci\u00f3s t\u00e1bor felszabad\u00edt\u00e1s\u00e1nak 75. \u00e9vfordul\u00f3ja alkalm\u00e1b\u00f3l megh\u00edvjuk \u00d6n\u00f6ket a lendvai zsinag\u00f3g\u00e1ban, <strong>2020. janu\u00e1r 30-\u00e1n, cs\u00fct\u00f6rt\u00f6k\u00f6n 18 \u00f3rai kezdettel<\/strong> megtartott k\u00f6zponti megeml\u00e9kez\u00e9sre. <a href=\"https:\/\/www.gml.si\/hu\/kiallitas-a-zsinagogaban-soa-2020-auschwitz-egy-hely-a-foldon-auschwitz-album\/\"><\/p>\n<p>B\u0151vebben <span class=\"meta-nav\">\u2192<\/span><\/a><\/p>\n","protected":false},"author":5,"featured_media":11986,"comment_status":"closed","ping_status":"closed","sticky":false,"template":"","format":"standard","meta":{"inline_featured_image":false,"footnotes":""},"categories":[58],"tags":[],"class_list":["post-13060","post","type-post","status-publish","format-standard","has-post-thumbnail","hentry","category-hirek"],"_links":{"self":[{"href":"https:\/\/www.gml.si\/hu\/wp-json\/wp\/v2\/posts\/13060","targetHints":{"allow":["GET"]}}],"collection":[{"href":"https:\/\/www.gml.si\/hu\/wp-json\/wp\/v2\/posts"}],"about":[{"href":"https:\/\/www.gml.si\/hu\/wp-json\/wp\/v2\/types\/post"}],"author":[{"embeddable":true,"href":"https:\/\/www.gml.si\/hu\/wp-json\/wp\/v2\/users\/5"}],"replies":[{"embeddable":true,"href":"https:\/\/www.gml.si\/hu\/wp-json\/wp\/v2\/comments?post=13060"}],"version-history":[{"count":0,"href":"https:\/\/www.gml.si\/hu\/wp-json\/wp\/v2\/posts\/13060\/revisions"}],"wp:featuredmedia":[{"embeddable":true,"href":"https:\/\/www.gml.si\/hu\/wp-json\/wp\/v2\/media\/11986"}],"wp:attachment":[{"href":"https:\/\/www.gml.si\/hu\/wp-json\/wp\/v2\/media?parent=13060"}],"wp:term":[{"taxonomy":"category","embeddable":true,"href":"https:\/\/www.gml.si\/hu\/wp-json\/wp\/v2\/categories?post=13060"},{"taxonomy":"post_tag","embeddable":true,"href":"https:\/\/www.gml.si\/hu\/wp-json\/wp\/v2\/tags?post=13060"}],"curies":[{"name":"wp","href":"https:\/\/api.w.org\/{rel}","templated":true}]}}