{"id":13105,"date":"2020-12-03T09:00:48","date_gmt":"2020-12-03T08:00:48","guid":{"rendered":"https:\/\/www.gml.si\/a-kultura-vidam-napja-2020-ban\/"},"modified":"2020-12-03T09:00:48","modified_gmt":"2020-12-03T08:00:48","slug":"a-kultura-vidam-napja-2020-ban","status":"publish","type":"post","link":"https:\/\/www.gml.si\/hu\/a-kultura-vidam-napja-2020-ban\/","title":{"rendered":"A Kult\u00fara Vid\u00e1m Napja 2020-ban"},"content":{"rendered":"<p>Id\u00e9n m\u00e1shogy \u00fcnnepelj\u00fck a Kult\u00fara Vid\u00e1m Napj\u00e1t. K\u00fcl\u00f6nlegesen, mint amilyen az eg\u00e9sz \u00e9v\u00fcnk volt. A j\u00e1rv\u00e1ny miatt z\u00e1rva vannak a kultur\u00e1lis int\u00e9zm\u00e9nyek, de ennek ellen\u00e9re t\u00f6rt\u00e9nnek pozit\u00edv dolgok a kult\u00fara ter\u00e9n, amit t\u00f6bbnyire a kultur\u00e1lis ter\u00fcleten dolgoz\u00f3 emberek \u00e9s a m\u0171v\u00e9szek odaad\u00e1sa, kitart\u00e1sa \u00e9s optimizmusa t\u00e1pl\u00e1l\u2026<\/p>\n<p>A kult\u00fara minden civiliz\u00e1ci\u00f3nak az alapja. N\u00e9lk\u00fcle olyanok vagyunk, mint a gy\u00f6k\u00e9r n\u00e9lk\u00fcli fa. A kult\u00fara n\u00e9lk\u00fcli nemzet az identit\u00e1s n\u00e9lk\u00fcli nemzet. A neh\u00e9z k\u00f6r\u00fclm\u00e9nyek ellen\u00e9re kit\u00e1rt sz\u00e1rnyakkal v\u00e1rakozunk indul\u00e1sra k\u00e9szen, hogy a naphoz rep\u00fclj\u00fcnk. Ahogy azt honfit\u00e1rsunk, G\u00e1llics Istv\u00e1n pillang\u00f3i is teszik. Az \u0151 gazdag lepkegy\u0171jtem\u00e9nye, ami a lendvai v\u00e1rban tekinthet\u0151 meg, folyamatosan eml\u00e9keztet a v\u00e1ltoz\u00f3 id\u0151kre, egy\u00fattal pedig rem\u00e9nyt is ad, hogy a vil\u00e1g nem csak sz\u00fcrke, hanem sz\u00ednes is, amennyiben k\u00e9szek vagyunk ezt megl\u00e1tni.<\/p>\n<p><a href=\"http:\/\/www.gml.si\/wp-content\/uploads\/2020\/12\/Ta-veseli-dan_metulj_splet.jpg\" data-lbwps-width=\"2000\" data-lbwps-height=\"1415\" data-lbwps-srcsmall=\"https:\/\/www.gml.si\/wp-content\/uploads\/2020\/12\/Ta-veseli-dan_metulj_splet-500x354.jpg\"><img loading=\"lazy\" decoding=\"async\" class=\"slika alignnone wp-image-7371 size-large\" src=\"http:\/\/www.gml.si\/wp-content\/uploads\/2020\/12\/Ta-veseli-dan_metulj_splet-1024x724.jpg\" alt=\"\" width=\"640\" height=\"453\" srcset=\"https:\/\/www.gml.si\/wp-content\/uploads\/2020\/12\/Ta-veseli-dan_metulj_splet-1024x724.jpg 1024w, https:\/\/www.gml.si\/wp-content\/uploads\/2020\/12\/Ta-veseli-dan_metulj_splet-500x354.jpg 500w, https:\/\/www.gml.si\/wp-content\/uploads\/2020\/12\/Ta-veseli-dan_metulj_splet.jpg 2000w\" sizes=\"auto, (max-width: 640px) 100vw, 640px\" \/><\/a><\/p>\n<p><em>A Kult\u00fara Vid\u00e1m Napja egy nem hivatalos \u00fcnnep Szlov\u00e9ni\u00e1ban, amelyet minden \u00e9vben december 3-\u00e1n, France Pre\u0161eren szlov\u00e9n k\u00f6lt\u0151 sz\u00fclet\u00e9snapj\u00e1n \u00fcnnepelnek.<\/em><\/p>\n","protected":false},"excerpt":{"rendered":"<p>Id\u00e9n m\u00e1shogy \u00fcnnepelj\u00fck a Kult\u00fara Vid\u00e1m Napj\u00e1t. K\u00fcl\u00f6nlegesen, mint amilyen az eg\u00e9sz \u00e9v\u00fcnk volt. A j\u00e1rv\u00e1ny miatt z\u00e1rva vannak a kultur\u00e1lis int\u00e9zm\u00e9nyek, de ennek ellen\u00e9re t\u00f6rt\u00e9nnek pozit\u00edv dolgok a kult\u00fara ter\u00e9n, amit t\u00f6bbnyire a kultur\u00e1lis ter\u00fcleten dolgoz\u00f3 emberek \u00e9s a &hellip; <a href=\"https:\/\/www.gml.si\/hu\/a-kultura-vidam-napja-2020-ban\/\"><\/p>\n<p>B\u0151vebben <span class=\"meta-nav\">\u2192<\/span><\/a><\/p>\n","protected":false},"author":5,"featured_media":12142,"comment_status":"closed","ping_status":"closed","sticky":false,"template":"","format":"standard","meta":{"inline_featured_image":false,"footnotes":""},"categories":[58],"tags":[],"class_list":["post-13105","post","type-post","status-publish","format-standard","has-post-thumbnail","hentry","category-hirek"],"_links":{"self":[{"href":"https:\/\/www.gml.si\/hu\/wp-json\/wp\/v2\/posts\/13105","targetHints":{"allow":["GET"]}}],"collection":[{"href":"https:\/\/www.gml.si\/hu\/wp-json\/wp\/v2\/posts"}],"about":[{"href":"https:\/\/www.gml.si\/hu\/wp-json\/wp\/v2\/types\/post"}],"author":[{"embeddable":true,"href":"https:\/\/www.gml.si\/hu\/wp-json\/wp\/v2\/users\/5"}],"replies":[{"embeddable":true,"href":"https:\/\/www.gml.si\/hu\/wp-json\/wp\/v2\/comments?post=13105"}],"version-history":[{"count":0,"href":"https:\/\/www.gml.si\/hu\/wp-json\/wp\/v2\/posts\/13105\/revisions"}],"wp:featuredmedia":[{"embeddable":true,"href":"https:\/\/www.gml.si\/hu\/wp-json\/wp\/v2\/media\/12142"}],"wp:attachment":[{"href":"https:\/\/www.gml.si\/hu\/wp-json\/wp\/v2\/media?parent=13105"}],"wp:term":[{"taxonomy":"category","embeddable":true,"href":"https:\/\/www.gml.si\/hu\/wp-json\/wp\/v2\/categories?post=13105"},{"taxonomy":"post_tag","embeddable":true,"href":"https:\/\/www.gml.si\/hu\/wp-json\/wp\/v2\/tags?post=13105"}],"curies":[{"name":"wp","href":"https:\/\/api.w.org\/{rel}","templated":true}]}}