{"id":13113,"date":"2020-12-28T17:11:35","date_gmt":"2020-12-28T16:11:35","guid":{"rendered":"https:\/\/www.gml.si\/salamon-arpad-1930-2020\/"},"modified":"2020-12-28T17:11:35","modified_gmt":"2020-12-28T16:11:35","slug":"salamon-arpad-1930-2020","status":"publish","type":"post","link":"https:\/\/www.gml.si\/hu\/salamon-arpad-1930-2020\/","title":{"rendered":"SALAMON \u00c1RP\u00c1D (1930-2020)"},"content":{"rendered":"<p><em><a href=\"http:\/\/www.gml.si\/wp-content\/uploads\/2021\/01\/arpad_salamon1.jpg\" data-lbwps-width=\"763\" data-lbwps-height=\"938\" data-lbwps-srcsmall=\"https:\/\/www.gml.si\/wp-content\/uploads\/2021\/01\/arpad_salamon1-407x500.jpg\"><img loading=\"lazy\" decoding=\"async\" class=\"size-full wp-image-12148 alignnone\" src=\"http:\/\/www.gml.si\/wp-content\/uploads\/2021\/01\/arpad_salamon1.jpg\" alt=\"\" width=\"763\" height=\"938\" srcset=\"https:\/\/www.gml.si\/wp-content\/uploads\/2021\/01\/arpad_salamon1.jpg 763w, https:\/\/www.gml.si\/wp-content\/uploads\/2021\/01\/arpad_salamon1-407x500.jpg 407w\" sizes=\"auto, (max-width: 763px) 100vw, 763px\" \/><\/a><\/em><\/p>\n<p><em>&#8222;Aki alkot, k\u00e9tszer \u00e9l&#8230;&#8221;<\/em><\/p>\n<p>Elt\u00e1vozott k\u00f6z\u00fcl\u00fcnk egy igaz ember, egy elhivat<span class=\"text_exposed_show\">ott tan\u00e1r, egy igazi homo ludens, egy magyar k\u00e9pz\u0151m\u0171v\u00e9sz, akit egyar\u00e1nt megbecs\u00fcltek a Vajdas\u00e1gban, a Muravid\u00e9ken \u00e9s Szlov\u00e9ni\u00e1ban is, Slovenske Konjice k\u00f6ztiszteletben \u00e1ll\u00f3 polg\u00e1ra, az ex libris m\u0171faj sz\u00ednvonalas k\u00e9pvisel\u0151je. Isten vele \u00c1rp\u00e1d, ki Szenteste k\u00f6lt\u00f6z\u00f6tt a mennyeknek orsz\u00e1g\u00e1ba!<\/span><\/p>\n<p><strong><span class=\"text_exposed_show\">A vele k\u00e9sz\u00fclt interj\u00fa \u00e9s a k\u00e9p forr\u00e1sa a mell\u00e9kletben: KerekPerec (29\u201334. oldal)<\/span><\/strong><\/p>\n<p><div data-url=\"https:\/\/issuu.com\/nepujsag\/docs\/kerekperec2016\/65\" style=\"width: 640px; height: 452px;\" class=\"issuuembed\"><\/div>\n<p><script type=\"text\/javascript\" src=\"\/\/e.issuu.com\/embed.js\" async=\"true\"><\/script><\/p>\n<h2>V\u00c1LOGATOTT K\u00c9PEK<\/h2>\n<div id='gallery-1' class='gallery galleryid-13113 gallery-columns-4 gallery-size-thumbnail'><dl class='gallery-item'>\n\t\t\t<dt class='gallery-icon portrait'>\n\t\t\t\t<a href='https:\/\/www.gml.si\/hu\/salamon-arpad-1930-2020\/arpad_salamon2-2\/'><img loading=\"lazy\" decoding=\"async\" width=\"120\" height=\"120\" src=\"https:\/\/www.gml.si\/wp-content\/uploads\/2021\/01\/arpad_salamon2-120x120.jpg\" class=\"attachment-thumbnail size-thumbnail\" alt=\"\" \/><\/a>\n\t\t\t<\/dt><\/dl><dl class='gallery-item'>\n\t\t\t<dt class='gallery-icon portrait'>\n\t\t\t\t<a href='https:\/\/www.gml.si\/hu\/salamon-arpad-1930-2020\/arpad_salamon3-2\/'><img loading=\"lazy\" decoding=\"async\" width=\"120\" height=\"120\" src=\"https:\/\/www.gml.si\/wp-content\/uploads\/2021\/01\/arpad_salamon3-120x120.jpg\" class=\"attachment-thumbnail size-thumbnail\" alt=\"\" \/><\/a>\n\t\t\t<\/dt><\/dl><dl class='gallery-item'>\n\t\t\t<dt class='gallery-icon portrait'>\n\t\t\t\t<a href='https:\/\/www.gml.si\/hu\/salamon-arpad-1930-2020\/arpad_salamon1-2\/'><img loading=\"lazy\" decoding=\"async\" width=\"120\" height=\"120\" src=\"https:\/\/www.gml.si\/wp-content\/uploads\/2021\/01\/arpad_salamon1-120x120.jpg\" class=\"attachment-thumbnail size-thumbnail\" alt=\"\" \/><\/a>\n\t\t\t<\/dt><\/dl>\n\t\t\t<br style='clear: both' \/>\n\t\t<\/div>\n\n","protected":false},"excerpt":{"rendered":"<p>&#8222;Aki alkot, k\u00e9tszer \u00e9l&#8230;&#8221; Elt\u00e1vozott k\u00f6z\u00fcl\u00fcnk egy igaz ember, egy elhivatott tan\u00e1r, egy igazi homo ludens, egy magyar k\u00e9pz\u0151m\u0171v\u00e9sz, akit egyar\u00e1nt megbecs\u00fcltek a Vajdas\u00e1gban, a Muravid\u00e9ken \u00e9s Szlov\u00e9ni\u00e1ban is, Slovenske Konjice k\u00f6ztiszteletben \u00e1ll\u00f3 polg\u00e1ra, az ex libris m\u0171faj sz\u00ednvonalas k\u00e9pvisel\u0151je. &hellip; <a href=\"https:\/\/www.gml.si\/hu\/salamon-arpad-1930-2020\/\"><\/p>\n<p>B\u0151vebben <span class=\"meta-nav\">\u2192<\/span><\/a><\/p>\n","protected":false},"author":5,"featured_media":12148,"comment_status":"closed","ping_status":"closed","sticky":false,"template":"","format":"standard","meta":{"inline_featured_image":false,"footnotes":""},"categories":[58],"tags":[],"class_list":["post-13113","post","type-post","status-publish","format-standard","has-post-thumbnail","hentry","category-hirek"],"_links":{"self":[{"href":"https:\/\/www.gml.si\/hu\/wp-json\/wp\/v2\/posts\/13113","targetHints":{"allow":["GET"]}}],"collection":[{"href":"https:\/\/www.gml.si\/hu\/wp-json\/wp\/v2\/posts"}],"about":[{"href":"https:\/\/www.gml.si\/hu\/wp-json\/wp\/v2\/types\/post"}],"author":[{"embeddable":true,"href":"https:\/\/www.gml.si\/hu\/wp-json\/wp\/v2\/users\/5"}],"replies":[{"embeddable":true,"href":"https:\/\/www.gml.si\/hu\/wp-json\/wp\/v2\/comments?post=13113"}],"version-history":[{"count":0,"href":"https:\/\/www.gml.si\/hu\/wp-json\/wp\/v2\/posts\/13113\/revisions"}],"wp:featuredmedia":[{"embeddable":true,"href":"https:\/\/www.gml.si\/hu\/wp-json\/wp\/v2\/media\/12148"}],"wp:attachment":[{"href":"https:\/\/www.gml.si\/hu\/wp-json\/wp\/v2\/media?parent=13113"}],"wp:term":[{"taxonomy":"category","embeddable":true,"href":"https:\/\/www.gml.si\/hu\/wp-json\/wp\/v2\/categories?post=13113"},{"taxonomy":"post_tag","embeddable":true,"href":"https:\/\/www.gml.si\/hu\/wp-json\/wp\/v2\/tags?post=13113"}],"curies":[{"name":"wp","href":"https:\/\/api.w.org\/{rel}","templated":true}]}}