{"id":13116,"date":"2021-01-22T08:51:38","date_gmt":"2021-01-22T07:51:38","guid":{"rendered":"https:\/\/www.gml.si\/a-magyar-kultura-napja-2021-januar-22\/"},"modified":"2021-01-22T08:51:38","modified_gmt":"2021-01-22T07:51:38","slug":"a-magyar-kultura-napja-2021-januar-22","status":"publish","type":"post","link":"https:\/\/www.gml.si\/hu\/a-magyar-kultura-napja-2021-januar-22\/","title":{"rendered":"A magyar kult\u00fara napja (2021. janu\u00e1r 22.)"},"content":{"rendered":"<p>Ma van a magyar kult\u00fara napja, ugyanis 1823-ban ezen a napon fejezte be<span class=\"text_exposed_show\"> K\u00f6lcsey Ferenc a Himnuszt. Ezen alkalomb\u00f3l a Magyar Nemzetis\u00e9gi Muvel\u0151s\u00e9di Int\u00e9zet az arra \u00e9rdemeseknek kiosztja a Zala Gy\u00f6rgy Kultur\u00e1lis N\u00edv\u00f3d\u00edjakat. A d\u00edj a nev\u00e9t Lendva h\u00edres sz\u00fcl\u00f6ttj\u00e9r\u0151l, a szobr\u00e1sz <strong>Zala Gy\u00f6rgyr\u0151l<\/strong> kapta, akinek eml\u00e9kszob\u00e1ja a lendvai v\u00e1rban tekinthet\u0151 meg.<\/span><\/p>\n<div class=\"text_exposed_show\">\n<p>A kisfilmb\u0151l megismerhet\u0151 a m\u0171v\u00e9sz \u00e9lete \u00e9s munk\u00e1ss\u00e1ga<\/p>\n<p><iframe loading=\"lazy\" src=\"\/\/www.youtube.com\/embed\/YpQhFKme09Y\" width=\"620\" height=\"348\" allowfullscreen=\"allowfullscreen\"><\/iframe><\/p>\n<\/div>\n","protected":false},"excerpt":{"rendered":"<p>Ma van a magyar kult\u00fara napja, ugyanis 1823-ban ezen a napon fejezte be K\u00f6lcsey Ferenc a Himnuszt. Ezen alkalomb\u00f3l a Magyar Nemzetis\u00e9gi Muvel\u0151s\u00e9di Int\u00e9zet az arra \u00e9rdemeseknek kiosztja a Zala Gy\u00f6rgy Kultur\u00e1lis N\u00edv\u00f3d\u00edjakat. A d\u00edj a nev\u00e9t Lendva h\u00edres sz\u00fcl\u00f6ttj\u00e9r\u0151l, &hellip; <a href=\"https:\/\/www.gml.si\/hu\/a-magyar-kultura-napja-2021-januar-22\/\"><\/p>\n<p>B\u0151vebben <span class=\"meta-nav\">\u2192<\/span><\/a><\/p>\n","protected":false},"author":5,"featured_media":12154,"comment_status":"closed","ping_status":"closed","sticky":false,"template":"","format":"standard","meta":{"inline_featured_image":false,"footnotes":""},"categories":[58],"tags":[],"class_list":["post-13116","post","type-post","status-publish","format-standard","has-post-thumbnail","hentry","category-hirek"],"_links":{"self":[{"href":"https:\/\/www.gml.si\/hu\/wp-json\/wp\/v2\/posts\/13116","targetHints":{"allow":["GET"]}}],"collection":[{"href":"https:\/\/www.gml.si\/hu\/wp-json\/wp\/v2\/posts"}],"about":[{"href":"https:\/\/www.gml.si\/hu\/wp-json\/wp\/v2\/types\/post"}],"author":[{"embeddable":true,"href":"https:\/\/www.gml.si\/hu\/wp-json\/wp\/v2\/users\/5"}],"replies":[{"embeddable":true,"href":"https:\/\/www.gml.si\/hu\/wp-json\/wp\/v2\/comments?post=13116"}],"version-history":[{"count":0,"href":"https:\/\/www.gml.si\/hu\/wp-json\/wp\/v2\/posts\/13116\/revisions"}],"wp:featuredmedia":[{"embeddable":true,"href":"https:\/\/www.gml.si\/hu\/wp-json\/wp\/v2\/media\/12154"}],"wp:attachment":[{"href":"https:\/\/www.gml.si\/hu\/wp-json\/wp\/v2\/media?parent=13116"}],"wp:term":[{"taxonomy":"category","embeddable":true,"href":"https:\/\/www.gml.si\/hu\/wp-json\/wp\/v2\/categories?post=13116"},{"taxonomy":"post_tag","embeddable":true,"href":"https:\/\/www.gml.si\/hu\/wp-json\/wp\/v2\/tags?post=13116"}],"curies":[{"name":"wp","href":"https:\/\/api.w.org\/{rel}","templated":true}]}}