{"id":13119,"date":"2021-01-22T19:03:59","date_gmt":"2021-01-22T18:03:59","guid":{"rendered":"https:\/\/www.gml.si\/ertesites-2021-januar-25-en-hetfon-muzeumunk-ismet-megnyitja-kapuit\/"},"modified":"2021-03-24T07:48:48","modified_gmt":"2021-03-24T06:48:48","slug":"ertesites-2021-januar-25-en-hetfon-muzeumunk-ismet-megnyitja-kapuit","status":"publish","type":"post","link":"https:\/\/www.gml.si\/hu\/ertesites-2021-januar-25-en-hetfon-muzeumunk-ismet-megnyitja-kapuit\/","title":{"rendered":"\u00c9RTES\u00cdT\u00c9S: 2021. janu\u00e1r 25-\u00e9n, h\u00e9tf\u0151n m\u00fazeumunk ism\u00e9t megnyitja kapuit!"},"content":{"rendered":"<p>Tisztelt M\u00fazeuml\u00e1togat\u00f3k!<\/p>\n<p>\u00d6r\u00f6mmel \u00e9rtes\u00edtj\u00fck \u00d6n\u00f6ket, hogy <strong>2021. janu\u00e1r 25-\u00e9n, h\u00e9tf\u0151n<\/strong> m\u00fazeumunk ism\u00e9t megnyitja kapuit a l\u00e1togat\u00f3i el\u0151tt! Szeretettel aj\u00e1nljuk figyelm\u00fckbe a lendvai v\u00e1rban \u00e9s a zsinag\u00f3g\u00e1ban tal\u00e1lhat\u00f3 t\u00e1rlatainkat.<\/p>\n<p>Biztons\u00e1guk \u00e9rdek\u00e9ben k\u00e9rj\u00fck \u00d6n\u00f6ket, hogy tarts\u00e1k be az \u00e9rv\u00e9nyes v\u00e9delmi int\u00e9zked\u00e9seket:<\/p>\n<ul>\n<li>A bel\u00e9p\u00e9st k\u00f6vet\u0151en k\u00f6telez\u0151 a k\u00e9zfert\u0151tlen\u00edt\u00e9s<\/li>\n<li>Minden helyis\u00e9gben k\u00f6telez\u0151 a saj\u00e1t sz\u00e1jmaszk haszn\u00e1lata<\/li>\n<li>Tartsuk az egym\u00e1sk\u00f6zti kell\u0151 t\u00e1vols\u00e1got<\/li>\n<\/ul>\n<p><strong>A lendvai v\u00e1r \u00e1tmeneti nyitvatart\u00e1sa:<\/strong><\/p>\n<table>\n<tbody>\n<tr>\n<td>H\u00e9tf\u0151 \u2013 p\u00e9ntek:<\/td>\n<td>8.00\u201316.00<\/td>\n<\/tr>\n<tr>\n<td>Szombat:<\/td>\n<td>10.00\u201314.00<\/td>\n<\/tr>\n<tr>\n<td>Vas\u00e1rnap \u00e9s \u00fcnnepnap:<\/td>\n<td>z\u00e1rva<\/td>\n<\/tr>\n<\/tbody>\n<\/table>\n<p><strong>A lendvai zsinag\u00f3ga \u00e1tmeneti nyitvatart\u00e1sa:<\/strong><\/p>\n<table>\n<tbody>\n<tr>\n<td>H\u00e9tf\u0151 \u2013 szombat:<\/td>\n<td>10.00\u201314.00<\/td>\n<\/tr>\n<tr>\n<td>Vas\u00e1rnap \u00e9s \u00fcnnepnap:<\/td>\n<td>z\u00e1rva<\/td>\n<\/tr>\n<\/tbody>\n<\/table>\n<p>&nbsp;<\/p>\n<p><em><a href=\"http:\/\/www.gml.si\/wp-content\/uploads\/2021\/01\/grad_vhod.jpg\" data-lbwps-width=\"1302\" data-lbwps-height=\"1740\" data-lbwps-srcsmall=\"https:\/\/www.gml.si\/wp-content\/uploads\/2021\/01\/grad_vhod-374x500.jpg\"><img loading=\"lazy\" decoding=\"async\" class=\"alignnone size-large wp-image-7424\" src=\"http:\/\/www.gml.si\/wp-content\/uploads\/2021\/01\/grad_vhod-766x1024.jpg\" alt=\"\" width=\"640\" height=\"856\" srcset=\"https:\/\/www.gml.si\/wp-content\/uploads\/2021\/01\/grad_vhod-766x1024.jpg 766w, https:\/\/www.gml.si\/wp-content\/uploads\/2021\/01\/grad_vhod-374x500.jpg 374w, https:\/\/www.gml.si\/wp-content\/uploads\/2021\/01\/grad_vhod.jpg 1302w\" sizes=\"auto, (max-width: 640px) 100vw, 640px\" \/><\/a><\/em><\/p>\n","protected":false},"excerpt":{"rendered":"<p>Tisztelt M\u00fazeuml\u00e1togat\u00f3k!<\/p>\n<p>\u00d6r\u00f6mmel \u00e9rtes\u00edtj\u00fck \u00d6n\u00f6ket, hogy <strong>2021. janu\u00e1r 25-\u00e9n, h\u00e9tf\u0151n<\/strong> m\u00fazeumunk ism\u00e9t megnyitja kapuit a l\u00e1togat\u00f3i el\u0151tt! Szeretettel aj\u00e1nljuk figyelm\u00fckbe a lendvai v\u00e1rban \u00e9s a zsinag\u00f3g\u00e1ban tal\u00e1lhat\u00f3 t\u00e1rlatainkat. <a href=\"https:\/\/www.gml.si\/hu\/ertesites-2021-januar-25-en-hetfon-muzeumunk-ismet-megnyitja-kapuit\/\"><\/p>\n<p>B\u0151vebben <span class=\"meta-nav\">\u2192<\/span><\/a><\/p>\n","protected":false},"author":5,"featured_media":12156,"comment_status":"closed","ping_status":"closed","sticky":false,"template":"","format":"standard","meta":{"inline_featured_image":false,"footnotes":""},"categories":[58],"tags":[],"class_list":["post-13119","post","type-post","status-publish","format-standard","has-post-thumbnail","hentry","category-hirek"],"_links":{"self":[{"href":"https:\/\/www.gml.si\/hu\/wp-json\/wp\/v2\/posts\/13119","targetHints":{"allow":["GET"]}}],"collection":[{"href":"https:\/\/www.gml.si\/hu\/wp-json\/wp\/v2\/posts"}],"about":[{"href":"https:\/\/www.gml.si\/hu\/wp-json\/wp\/v2\/types\/post"}],"author":[{"embeddable":true,"href":"https:\/\/www.gml.si\/hu\/wp-json\/wp\/v2\/users\/5"}],"replies":[{"embeddable":true,"href":"https:\/\/www.gml.si\/hu\/wp-json\/wp\/v2\/comments?post=13119"}],"version-history":[{"count":0,"href":"https:\/\/www.gml.si\/hu\/wp-json\/wp\/v2\/posts\/13119\/revisions"}],"wp:featuredmedia":[{"embeddable":true,"href":"https:\/\/www.gml.si\/hu\/wp-json\/wp\/v2\/media\/12156"}],"wp:attachment":[{"href":"https:\/\/www.gml.si\/hu\/wp-json\/wp\/v2\/media?parent=13119"}],"wp:term":[{"taxonomy":"category","embeddable":true,"href":"https:\/\/www.gml.si\/hu\/wp-json\/wp\/v2\/categories?post=13119"},{"taxonomy":"post_tag","embeddable":true,"href":"https:\/\/www.gml.si\/hu\/wp-json\/wp\/v2\/tags?post=13119"}],"curies":[{"name":"wp","href":"https:\/\/api.w.org\/{rel}","templated":true}]}}