{"id":13122,"date":"2021-01-27T13:05:06","date_gmt":"2021-01-27T12:05:06","guid":{"rendered":"https:\/\/www.gml.si\/a-holokauszt-nemzetkozi-emleknapja-2021-januar-27-az-alsolendvai-zsidosag-tortenete\/"},"modified":"2021-01-27T13:05:06","modified_gmt":"2021-01-27T12:05:06","slug":"a-holokauszt-nemzetkozi-emleknapja-2021-januar-27-az-alsolendvai-zsidosag-tortenete","status":"publish","type":"post","link":"https:\/\/www.gml.si\/hu\/a-holokauszt-nemzetkozi-emleknapja-2021-januar-27-az-alsolendvai-zsidosag-tortenete\/","title":{"rendered":"A holokauszt nemzetk\u00f6zi eml\u00e9knapja (2021. janu\u00e1r 27.): Az als\u00f3lendvai zsid\u00f3s\u00e1g t\u00f6rt\u00e9nete"},"content":{"rendered":"<p>Janu\u00e1r 27-e a holokauszt nemzetk\u00f6zi eml\u00e9knapja, amikor az emberis\u00e9g legkegyetlenebb v\u00e9rengz\u00e9s\u00e9re eml\u00e9kez\u00fcnk. Az eml\u00e9knap a legnagyobb m\u00e1sodik vil\u00e1gh\u00e1bor\u00fas megsemmis\u00edt\u0151 t\u00e1bor, az auschwitz\u2013birkenaui koncentr\u00e1ci\u00f3s t\u00e1bor 1945-\u00f6s felszabad\u00edt\u00e1s\u00e1nak \u00e9vfordul\u00f3ja. A t\u00e1borban sz\u00e1mos muravid\u00e9ki zsid\u00f3 vesztette az \u00e9let\u00e9t, akik sokat tettek a t\u00e9rs\u00e9g\u00fcnk gazdas\u00e1gi \u00e9s szellemi fellend\u00fcl\u00e9s\u00e9\u00e9rt. Az emberis\u00e9g legs\u00f6t\u00e9tebb \u00f3r\u00e1inak t\u00e1rgyi eml\u00e9keit \u00e9s a muravid\u00e9ki zsid\u00f3s\u00e1g t\u00f6rt\u00e9net\u00e9t \u0151rizz\u00fck a Lendvai Zsinag\u00f3g\u00e1ban, amelyben a Szlov\u00e9n Holokauszt M\u00fazeum is megtal\u00e1lhat\u00f3.<\/p>\n<p>Szeretettel aj\u00e1nljuk figyelm\u00fckbe virtu\u00e1lis s\u00e9t\u00e1nkat <em>L\u00e1z\u00e1r Be\u00e1t\u00e1val<\/em>, aki r\u00f6viden bemutatja az als\u00f3lendvai zsid\u00f3s\u00e1g t\u00f6rt\u00e9net\u00e9t.<\/p>\n<p><iframe loading=\"lazy\" src=\"\/\/player.vimeo.com\/video\/505185411?title=0&amp;amp;byline=0\" width=\"620\" height=\"349\" allowfullscreen=\"allowfullscreen\"><\/iframe><\/p>\n","protected":false},"excerpt":{"rendered":"<p>Janu\u00e1r 27-e a holokauszt nemzetk\u00f6zi eml\u00e9knapja, amikor az emberis\u00e9g legkegyetlenebb v\u00e9rengz\u00e9s\u00e9re eml\u00e9kez\u00fcnk.<\/p>\n<p>Szeretettel aj\u00e1nljuk figyelm\u00fckbe virtu\u00e1lis s\u00e9t\u00e1nkat L\u00e1z\u00e1r Be\u00e1t\u00e1val, aki r\u00f6viden bemutatja az als\u00f3lendvai zsid\u00f3s\u00e1g t\u00f6rt\u00e9net\u00e9t. <a href=\"https:\/\/www.gml.si\/hu\/a-holokauszt-nemzetkozi-emleknapja-2021-januar-27-az-alsolendvai-zsidosag-tortenete\/\"><\/p>\n<p>B\u0151vebben <span class=\"meta-nav\">\u2192<\/span><\/a><\/p>\n","protected":false},"author":5,"featured_media":12158,"comment_status":"closed","ping_status":"closed","sticky":false,"template":"","format":"standard","meta":{"inline_featured_image":false,"footnotes":""},"categories":[58],"tags":[],"class_list":["post-13122","post","type-post","status-publish","format-standard","has-post-thumbnail","hentry","category-hirek"],"_links":{"self":[{"href":"https:\/\/www.gml.si\/hu\/wp-json\/wp\/v2\/posts\/13122","targetHints":{"allow":["GET"]}}],"collection":[{"href":"https:\/\/www.gml.si\/hu\/wp-json\/wp\/v2\/posts"}],"about":[{"href":"https:\/\/www.gml.si\/hu\/wp-json\/wp\/v2\/types\/post"}],"author":[{"embeddable":true,"href":"https:\/\/www.gml.si\/hu\/wp-json\/wp\/v2\/users\/5"}],"replies":[{"embeddable":true,"href":"https:\/\/www.gml.si\/hu\/wp-json\/wp\/v2\/comments?post=13122"}],"version-history":[{"count":0,"href":"https:\/\/www.gml.si\/hu\/wp-json\/wp\/v2\/posts\/13122\/revisions"}],"wp:featuredmedia":[{"embeddable":true,"href":"https:\/\/www.gml.si\/hu\/wp-json\/wp\/v2\/media\/12158"}],"wp:attachment":[{"href":"https:\/\/www.gml.si\/hu\/wp-json\/wp\/v2\/media?parent=13122"}],"wp:term":[{"taxonomy":"category","embeddable":true,"href":"https:\/\/www.gml.si\/hu\/wp-json\/wp\/v2\/categories?post=13122"},{"taxonomy":"post_tag","embeddable":true,"href":"https:\/\/www.gml.si\/hu\/wp-json\/wp\/v2\/tags?post=13122"}],"curies":[{"name":"wp","href":"https:\/\/api.w.org\/{rel}","templated":true}]}}