{"id":13440,"date":"2021-03-24T08:14:08","date_gmt":"2021-03-24T07:14:08","guid":{"rendered":"https:\/\/www.gml.si\/?p=13440"},"modified":"2021-03-24T08:14:08","modified_gmt":"2021-03-24T07:14:08","slug":"elore-a-multba-2021-marcius-22-es-28-kozott","status":"publish","type":"post","link":"https:\/\/www.gml.si\/hu\/elore-a-multba-2021-marcius-22-es-28-kozott\/","title":{"rendered":"El\u0151re a m\u00faltba (2021. m\u00e1rcius 22. \u00e9s 28. k\u00f6z\u00f6tt)"},"content":{"rendered":"<p><a href=\"https:\/\/www.gml.si\/wp-content\/uploads\/2021\/03\/nazaj_v_preteklost_marec-2021.jpg\" data-lbwps-width=\"1240\" data-lbwps-height=\"1754\" data-lbwps-srcsmall=\"https:\/\/www.gml.si\/wp-content\/uploads\/2021\/03\/nazaj_v_preteklost_marec-2021-353x500.jpg\"><img loading=\"lazy\" decoding=\"async\" class=\"alignright size-medium wp-image-13436\" src=\"https:\/\/www.gml.si\/wp-content\/uploads\/2021\/03\/nazaj_v_preteklost_marec-2021-353x500.jpg\" alt=\"\" width=\"353\" height=\"500\" srcset=\"https:\/\/www.gml.si\/wp-content\/uploads\/2021\/03\/nazaj_v_preteklost_marec-2021-353x500.jpg 353w, https:\/\/www.gml.si\/wp-content\/uploads\/2021\/03\/nazaj_v_preteklost_marec-2021-724x1024.jpg 724w, https:\/\/www.gml.si\/wp-content\/uploads\/2021\/03\/nazaj_v_preteklost_marec-2021.jpg 1240w\" sizes=\"auto, (max-width: 353px) 100vw, 353px\" \/><\/a>2021. m\u00e1rcius 22. \u00e9s 28. k\u00f6z\u00f6tt a Szlov\u00e9n M\u00fazeumok K\u00f6z\u00f6ss\u00e9ge ism\u00e9t megszervezi az El\u0151re a m\u00faltba c. virtu\u00e1lis kamp\u00e1ny\u00e1t. A mostani t\u00e9ma <a class=\"_58cn\" href=\"https:\/\/www.facebook.com\/hashtag\/szlov\u00e9nia?__eep__=6&amp;source=feed_text&amp;epa=HASHTAG&amp;__xts__%5B0%5D=68.ARCBl14yMzpZV7pdwKc0aSaG_JEf6biK28s8uNc--_xD8rk84LXQvw-YKee_MXRH-9admjk-ZNv3INuvrnOj7SAlNpuU8DKxyRq245qA8hFsFrFQyaz5jdVBTkfyjxvtDAFGj-gxqgARJBR1YvJPg3i1Loc1ccbrmT8Sp-adZ2W8OJjTaZV-oSBaogTg0rmOTl2CVLhfVSdta_lcnio6tTSG9fZMMaihimJcvdl2og-JidIDTw4-emJwZapSzHdq6kzyH9cwxM4tFmelokfXb5YD07o-KQ8vBPcQFwiQyjs8-261dHGW5g&amp;__tn__=%2ANK-R\" data-ft=\"{&quot;type&quot;:104,&quot;tn&quot;:&quot;*N&quot;}\"><span class=\"_5afx\"><span class=\"_58cl _5afz\" aria-label=\"oznaka\">#<\/span><span class=\"_58cm\">Szlov\u00e9nia<\/span><\/span><\/a> lesz, hiszen \u00e1llamunk id\u00e9n \u00fcnnepli \u00f6nn\u00e1ll\u00f3sul\u00e1s\u00e1nak 30. \u00e9vfordul\u00f3j\u00e1t, \u00e9s id\u00e9n lesz 200 \u00e9ve annak, hogy megnyitotta kapuit az els\u0151 m\u00fazeum szlov\u00e9n ter\u00fcleten.<\/p>\n<p>A kamp\u00e1nyban a Gal\u00e9ria-M\u00fazeum <strong>Lendva A mi Lendv\u00e1nk \u2013 Szlov\u00e9nia 30<\/strong> projekttel vesz r\u00e9szt, amelynek keret\u00e9ben Lendv\u00e1hoz k\u00f6t\u0151d\u0151 m\u0171alkot\u00e1sokat \u00e9s r\u00e9gi f\u00e9nyk\u00e9peket tesz\u00fcnk k\u00f6zz\u00e9 a k\u00f6z\u00f6ss\u00e9gi csatorn\u00e1kon.<\/p>\n<div class=\"text_exposed_show\">\n<p>K\u00f6vessenek benn\u00fcnket az <br \/>\n[wp-svg-icons icon=&#8221;instagram&#8221; wrap=&#8221;i&#8221;] <a href=\"https:\/\/www.instagram.com\/gml_lendava\/\">Instagramon<\/a> \u00e9s a <br \/>\n[wp-svg-icons icon=&#8221;facebook-2&#8243; wrap=&#8221;i&#8221;] <a href=\"https:\/\/www.facebook.com\/galerijamuzej.lendava\">Facebookon<\/a>.<\/p>\n<\/div>\n","protected":false},"excerpt":{"rendered":"<p>2021. m\u00e1rcius 22. \u00e9s 28. k\u00f6z\u00f6tt a Szlov\u00e9n M\u00fazeumok K\u00f6z\u00f6ss\u00e9ge ism\u00e9t megszervezi az El\u0151re a m\u00faltba c. virtu\u00e1lis kamp\u00e1ny\u00e1t. A mostani t\u00e9ma #Szlov\u00e9nia lesz, hiszen \u00e1llamunk id\u00e9n \u00fcnnepli \u00f6nn\u00e1ll\u00f3sul\u00e1s\u00e1nak 30. \u00e9vfordul\u00f3j\u00e1t, \u00e9s id\u00e9n lesz 200 \u00e9ve annak, hogy megnyitotta kapuit &hellip; <a href=\"https:\/\/www.gml.si\/hu\/elore-a-multba-2021-marcius-22-es-28-kozott\/\"><\/p>\n<p>B\u0151vebben <span class=\"meta-nav\">\u2192<\/span><\/a><\/p>\n","protected":false},"author":5,"featured_media":13438,"comment_status":"closed","ping_status":"closed","sticky":false,"template":"","format":"standard","meta":{"inline_featured_image":false,"footnotes":""},"categories":[58],"tags":[],"class_list":["post-13440","post","type-post","status-publish","format-standard","has-post-thumbnail","hentry","category-hirek"],"_links":{"self":[{"href":"https:\/\/www.gml.si\/hu\/wp-json\/wp\/v2\/posts\/13440","targetHints":{"allow":["GET"]}}],"collection":[{"href":"https:\/\/www.gml.si\/hu\/wp-json\/wp\/v2\/posts"}],"about":[{"href":"https:\/\/www.gml.si\/hu\/wp-json\/wp\/v2\/types\/post"}],"author":[{"embeddable":true,"href":"https:\/\/www.gml.si\/hu\/wp-json\/wp\/v2\/users\/5"}],"replies":[{"embeddable":true,"href":"https:\/\/www.gml.si\/hu\/wp-json\/wp\/v2\/comments?post=13440"}],"version-history":[{"count":0,"href":"https:\/\/www.gml.si\/hu\/wp-json\/wp\/v2\/posts\/13440\/revisions"}],"wp:featuredmedia":[{"embeddable":true,"href":"https:\/\/www.gml.si\/hu\/wp-json\/wp\/v2\/media\/13438"}],"wp:attachment":[{"href":"https:\/\/www.gml.si\/hu\/wp-json\/wp\/v2\/media?parent=13440"}],"wp:term":[{"taxonomy":"category","embeddable":true,"href":"https:\/\/www.gml.si\/hu\/wp-json\/wp\/v2\/categories?post=13440"},{"taxonomy":"post_tag","embeddable":true,"href":"https:\/\/www.gml.si\/hu\/wp-json\/wp\/v2\/tags?post=13440"}],"curies":[{"name":"wp","href":"https:\/\/api.w.org\/{rel}","templated":true}]}}