{"id":13447,"date":"2021-03-25T13:00:22","date_gmt":"2021-03-25T12:00:22","guid":{"rendered":"https:\/\/www.gml.si\/?p=13447"},"modified":"2021-03-25T13:00:51","modified_gmt":"2021-03-25T12:00:51","slug":"konyvbemutato-lendvai-kepe-zoltan-hetes","status":"publish","type":"post","link":"https:\/\/www.gml.si\/hu\/konyvbemutato-lendvai-kepe-zoltan-hetes\/","title":{"rendered":"K\u00d6NYVBEMUTAT\u00d3 &#8211; Lendvai Kepe Zolt\u00e1n: Het\u00e9s"},"content":{"rendered":"<p>Sok szertetettel megh\u00edvjuk \u00d6n\u00f6ket a Lendvai Gal\u00e9ria \u00e9s M\u00fazeum munkat\u00e1rsa, dr. Lendvai Kepe Zolt\u00e1n,<em> Het\u00e9s falvainak n\u00e9pess\u00e9ge \u00e9s gazd\u00e1lkod\u00e1sa a 18 \u2013 20. sz\u00e1zadban<\/em> c. k\u00f6nyv\u00e9nek a bemutat\u00f3j\u00e1ra, amely <strong>2021. 3. 25-\u00e9n<\/strong>, 19.00 \u00f3rakor lesz l\u00e1that\u00f3 a lenti felv\u00e9telen.<\/p>\n<p><iframe loading=\"lazy\" src=\"\/\/www.youtube.com\/embed\/0RImXAbAx-I\" width=\"620\" height=\"348\" allowfullscreen=\"allowfullscreen\" data-mce-fragment=\"1\"><\/iframe><\/p>\n<p>G\u00f6nczi Ferenc 1914-ben kiadott monogr\u00e1fi\u00e1ja ut\u00e1n ez az els\u0151 olyan m\u0171, amely ennyire m\u00e9lyrehat\u00f3an foglalkozik a Het\u00e9s t\u00e1jegys\u00e9ggel. Dr. Lendvai Kepe Zolt\u00e1n doktori disszert\u00e1ci\u00f3ja adja a k\u00f6nyv alapj\u00e1t, de a rengeteg inform\u00e1ci\u00f3 mellett egy nagyon sz\u00e9p, olvas\u00f3bar\u00e1t, k\u00e9pekkel telet\u0171zdelt k\u00f6nyvet tarthat a kez\u00e9ben minden \u00e9rdekl\u0151d\u0151.<\/p>\n<p>Ha b\u0151vebb inform\u00e1ci\u00f3kat szeretne a k\u00f6nyvr\u0151l, akkor felt\u00e9tlen n\u00e9zze meg a k\u00f6nyvbemutat\u00f3t.<\/p>\n<p>A n\u00e9prajzi monogr\u00e1fia a lendvai Magyar Nemzetis\u00e9gi M\u0171vel\u0151d\u00e9si Int\u00e9zet kiad\u00e1s\u00e1ban jelent meg.<\/p>\n<p>A k\u00f6nyv megv\u00e1s\u00e1rolhat\u00f3 a <a href=\"https:\/\/www.mnmi-zkmn.si\/rolunk\/#elerhetoseg\">B\u00e1nffy K\u00f6zpont k\u00f6nyvesboltj\u00e1ban<\/a> \u00e9s a lendvai v\u00e1r boltj\u00e1ban.<\/p>\n<p>[wp-svg-icons icon=&#8221;link&#8221; wrap=&#8221;i&#8221;] <a href=\"http:\/\/www.mnmi-zkmn.si\/\">MNMI-ZKMN<\/a><br \/>\n[wp-svg-icons icon=&#8221;link&#8221; wrap=&#8221;i&#8221;] <a href=\"https:\/\/www.youtube.com\/channel\/UCnkxD4A8dt32AyK0nXRx8iQ\">Youtube: MNMI-ZKMN<\/a><\/p>\n","protected":false},"excerpt":{"rendered":"<p>Sok szertetettel megh\u00edvjuk \u00d6n\u00f6ket a Lendvai Gal\u00e9ria \u00e9s M\u00fazeum munkat\u00e1rsa, dr. Lendvai Kepe Zolt\u00e1n, Het\u00e9s falvainak n\u00e9pess\u00e9ge \u00e9s gazd\u00e1lkod\u00e1sa a 18 \u2013 20. sz\u00e1zadban c. k\u00f6nyv\u00e9nek a bemutat\u00f3j\u00e1ra, amely 2021. 3. 25-\u00e9n, 19.00 \u00f3rakor lesz l\u00e1that\u00f3 a lenti felv\u00e9telen. <a href=\"https:\/\/www.gml.si\/hu\/konyvbemutato-lendvai-kepe-zoltan-hetes\/\"><\/p>\n<p>B\u0151vebben <span class=\"meta-nav\">\u2192<\/span><\/a><\/p>\n","protected":false},"author":5,"featured_media":13445,"comment_status":"closed","ping_status":"closed","sticky":false,"template":"","format":"standard","meta":{"inline_featured_image":false,"footnotes":""},"categories":[58],"tags":[],"class_list":["post-13447","post","type-post","status-publish","format-standard","has-post-thumbnail","hentry","category-hirek"],"_links":{"self":[{"href":"https:\/\/www.gml.si\/hu\/wp-json\/wp\/v2\/posts\/13447","targetHints":{"allow":["GET"]}}],"collection":[{"href":"https:\/\/www.gml.si\/hu\/wp-json\/wp\/v2\/posts"}],"about":[{"href":"https:\/\/www.gml.si\/hu\/wp-json\/wp\/v2\/types\/post"}],"author":[{"embeddable":true,"href":"https:\/\/www.gml.si\/hu\/wp-json\/wp\/v2\/users\/5"}],"replies":[{"embeddable":true,"href":"https:\/\/www.gml.si\/hu\/wp-json\/wp\/v2\/comments?post=13447"}],"version-history":[{"count":0,"href":"https:\/\/www.gml.si\/hu\/wp-json\/wp\/v2\/posts\/13447\/revisions"}],"wp:featuredmedia":[{"embeddable":true,"href":"https:\/\/www.gml.si\/hu\/wp-json\/wp\/v2\/media\/13445"}],"wp:attachment":[{"href":"https:\/\/www.gml.si\/hu\/wp-json\/wp\/v2\/media?parent=13447"}],"wp:term":[{"taxonomy":"category","embeddable":true,"href":"https:\/\/www.gml.si\/hu\/wp-json\/wp\/v2\/categories?post=13447"},{"taxonomy":"post_tag","embeddable":true,"href":"https:\/\/www.gml.si\/hu\/wp-json\/wp\/v2\/tags?post=13447"}],"curies":[{"name":"wp","href":"https:\/\/api.w.org\/{rel}","templated":true}]}}