{"id":13502,"date":"2021-04-12T09:29:49","date_gmt":"2021-04-12T07:29:49","guid":{"rendered":"https:\/\/www.gml.si\/obvestilo-od-12-aprila-2021-smo-ponovno-odprti\/"},"modified":"2021-04-13T09:43:01","modified_gmt":"2021-04-13T07:43:01","slug":"obvestilo-od-12-aprila-2021-smo-ponovno-odprti","status":"publish","type":"post","link":"https:\/\/www.gml.si\/hu\/obvestilo-od-12-aprila-2021-smo-ponovno-odprti\/","title":{"rendered":"\u00c9RTES\u00cdT\u00c9S: 2021. \u00e1prilis 12-t\u0151l \u00fajra nyitva tartunk"},"content":{"rendered":"<p><img loading=\"lazy\" decoding=\"async\" class=\"alignright size-medium wp-image-3315\" src=\"https:\/\/www.gml.si\/wp-content\/uploads\/2012\/02\/gml_grb_2013_crn-174x150.png\" alt=\"\" width=\"174\" height=\"150\" \/><\/p>\n<p><em>Tisztelt L\u00e1togat\u00f3k!<\/em><\/p>\n<p>\u00c9rtes\u00edtj\u00fck \u00d6n\u00f6ket, hogy 2021. \u00e1prilis 12-t\u0151l <strong>\u00fajra megnyitotta kapuit<\/strong> a l\u00e1togat\u00f3k el\u0151tt a Gal\u00e9ria-M\u00fazeum Lendva.<\/p>\n<p>K\u00f6vessenek benn\u00fcnket a <a href=\"https:\/\/www.gml.si\">www.gml.si<\/a> honlapon, vagy a <a href=\"https:\/\/www.facebook.com\/galerijamuzej.lendava\">Facebook<\/a> \u00e9s az <a href=\"https:\/\/www.instagram.com\/gml_lendava\/\">Instagram<\/a> oldalainkon is.<\/p>\n","protected":false},"excerpt":{"rendered":"<p><em>Tisztelt L\u00e1togat\u00f3k!<\/em><\/p>\n<p>\u00c9rtes\u00edtj\u00fck \u00d6n\u00f6ket, hogy 2021. \u00e1prilis 12-t\u0151l <strong>\u00fajra megnyitotta kapuit<\/strong> a l\u00e1togat\u00f3k el\u0151tt a Gal\u00e9ria-M\u00fazeum Lendva. <a href=\"https:\/\/www.gml.si\/hu\/obvestilo-od-12-aprila-2021-smo-ponovno-odprti\/\"><\/p>\n<p>B\u0151vebben <span class=\"meta-nav\">\u2192<\/span><\/a><\/p>\n","protected":false},"author":5,"featured_media":0,"comment_status":"closed","ping_status":"closed","sticky":false,"template":"","format":"standard","meta":{"inline_featured_image":false,"footnotes":""},"categories":[58],"tags":[],"class_list":["post-13502","post","type-post","status-publish","format-standard","hentry","category-hirek"],"_links":{"self":[{"href":"https:\/\/www.gml.si\/hu\/wp-json\/wp\/v2\/posts\/13502","targetHints":{"allow":["GET"]}}],"collection":[{"href":"https:\/\/www.gml.si\/hu\/wp-json\/wp\/v2\/posts"}],"about":[{"href":"https:\/\/www.gml.si\/hu\/wp-json\/wp\/v2\/types\/post"}],"author":[{"embeddable":true,"href":"https:\/\/www.gml.si\/hu\/wp-json\/wp\/v2\/users\/5"}],"replies":[{"embeddable":true,"href":"https:\/\/www.gml.si\/hu\/wp-json\/wp\/v2\/comments?post=13502"}],"version-history":[{"count":0,"href":"https:\/\/www.gml.si\/hu\/wp-json\/wp\/v2\/posts\/13502\/revisions"}],"wp:attachment":[{"href":"https:\/\/www.gml.si\/hu\/wp-json\/wp\/v2\/media?parent=13502"}],"wp:term":[{"taxonomy":"category","embeddable":true,"href":"https:\/\/www.gml.si\/hu\/wp-json\/wp\/v2\/categories?post=13502"},{"taxonomy":"post_tag","embeddable":true,"href":"https:\/\/www.gml.si\/hu\/wp-json\/wp\/v2\/tags?post=13502"}],"curies":[{"name":"wp","href":"https:\/\/api.w.org\/{rel}","templated":true}]}}