{"id":13533,"date":"2021-05-14T09:22:05","date_gmt":"2021-05-14T07:22:05","guid":{"rendered":"https:\/\/www.gml.si\/?p=13533"},"modified":"2021-05-14T10:50:48","modified_gmt":"2021-05-14T08:50:48","slug":"nemzetkozi-muzeumi-nap-2021","status":"publish","type":"post","link":"https:\/\/www.gml.si\/hu\/nemzetkozi-muzeumi-nap-2021\/","title":{"rendered":"Nemzetk\u00f6zi M\u00fazeumi Nap 2021"},"content":{"rendered":"<p><a href=\"https:\/\/www.gml.si\/wp-content\/uploads\/2021\/05\/IMD_2021_POSTER_Personalized.jpg\" data-lbwps-width=\"1200\" data-lbwps-height=\"628\" data-lbwps-srcsmall=\"https:\/\/www.gml.si\/wp-content\/uploads\/2021\/05\/IMD_2021_POSTER_Personalized-500x262.jpg\"><img loading=\"lazy\" decoding=\"async\" class=\"alignnone size-large wp-image-13528\" src=\"https:\/\/www.gml.si\/wp-content\/uploads\/2021\/05\/IMD_2021_POSTER_Personalized-1024x536.jpg\" alt=\"\" width=\"1024\" height=\"536\" srcset=\"https:\/\/www.gml.si\/wp-content\/uploads\/2021\/05\/IMD_2021_POSTER_Personalized-1024x536.jpg 1024w, https:\/\/www.gml.si\/wp-content\/uploads\/2021\/05\/IMD_2021_POSTER_Personalized-500x262.jpg 500w, https:\/\/www.gml.si\/wp-content\/uploads\/2021\/05\/IMD_2021_POSTER_Personalized.jpg 1200w\" sizes=\"auto, (max-width: 1024px) 100vw, 1024px\" \/><\/a><\/p>\n<p><strong>2021. m\u00e1jus 18-\u00e1n, kedden<\/strong> sok szeretettel v\u00e1runk minden kedves \u00e9rdekl\u0151d\u0151t a Nemzetk\u00f6zi M\u00fazeumi Nap alkalm\u00e1b\u00f3l a Lendvai Gal\u00e9ria-M\u00fazeumba!<\/p>\n<p>A Nemzetk\u00f6zi M\u00fazeumi Nap alkalm\u00e1b\u00f3l ingyenes a bel\u00e9p\u00e9s a lendvai v\u00e1rba, a Zsinag\u00f3g\u00e1ba \u00e9s a Polg\u00e1rosod\u00e1s M\u00fazeum\u00e1ba<\/p>\n<p>A lendvai v\u00e1rban az \u00e1lland\u00f3 ki\u00e1ll\u00edt\u00e1sok mellett megtekinthet\u0151k a k\u00f6vetkez\u0151 id\u0151szaki t\u00e1rlatok: a <em>Pannonia Reflections 2020<\/em> fot\u00f3m\u0171v\u00e9szeti ki\u00e1ll\u00edt\u00e1s, <strong><em>Robert Jurak<\/em><\/strong> <em>Hegesztett vil\u00e1g<\/em> c\u00edm\u0171 ki\u00e1ll\u00edt\u00e1sa \u00e9s a <em>Fekete-feh\u00e9r vil\u00e1g<\/em> c\u00edm\u0171 nemzetk\u00f6zi fot\u00f3ki\u00e1ll\u00edt\u00e1s.<\/p>\n<p><strong>19 \u00f3rakor<\/strong> a Zsinag\u00f3g\u00e1ba <em><strong>Dare Birsa<\/strong><\/em> <em>Lopott k\u00e9pek<\/em> c\u00edm\u0171 ki\u00e1ll\u00edt\u00e1s\u00e1nak finissz\u00e1zs\u00e1ra v\u00e1rjuk a kedves l\u00e1togat\u00f3kat, amelyen <em><strong>Pisnjak Atilla<\/strong><\/em>, m\u00fazeumunk m\u0171v\u00e9szett\u00f6rt\u00e9n\u00e9sze besz\u00e9lget majd az alkot\u00f3val. A form\u00e1lis besz\u00e9lget\u00e9s a Zsinag\u00f3ga el\u0151tti t\u00e9ren fog majd zajlani 50 f\u0151 r\u00e9szv\u00e9tel\u00e9vel.<\/p>\n<hr \/>\n<p><span style=\"font-size: 20px;\"><strong>Int\u00e9zm\u00e9ny\u00fcnk nyitvatart\u00e1sa a 2021. m\u00e1jus 18-\u00e1n:<\/strong><\/span><\/p>\n<p>Lendvai v\u00e1r: 8.00\u201316.00<br \/>\nZsinag\u00f3ga: 8.00\u201316.00 \u00e9s 18.00\u201321.00<br \/>\nPolg\u00e1rosod\u00e1s m\u00fazeuma: 8.00\u201316.00<\/p>\n<hr \/>\n<p>Biztons\u00e1guk \u00e9rdek\u00e9ben k\u00e9rj\u00fck \u00d6n\u00f6ket, hogy tarts\u00e1k be az \u00e9rv\u00e9nyes v\u00e9delmi int\u00e9zked\u00e9seket!<\/p>\n<p><em>\u00d6r\u00fcl\u00fcnk a szem\u00e9lyes tal\u00e1lkoz\u00e1snak!<\/em><\/p>\n","protected":false},"excerpt":{"rendered":"<p><strong>2021. m\u00e1jus 18-\u00e1n, kedden<\/strong> sok szeretettel v\u00e1runk minden kedves \u00e9rdekl\u0151d\u0151t a Nemzetk\u00f6zi M\u00fazeumi Nap alkalm\u00e1b\u00f3l a Lendvai Gal\u00e9ria-M\u00fazeumba!<\/p>\n<p>A Nemzetk\u00f6zi M\u00fazeumi Nap alkalm\u00e1b\u00f3l ingyenes a bel\u00e9p\u00e9s a lendvai v\u00e1rba, a Zsinag\u00f3g\u00e1ba \u00e9s a Polg\u00e1rosod\u00e1s M\u00fazeum\u00e1ba <a href=\"https:\/\/www.gml.si\/hu\/nemzetkozi-muzeumi-nap-2021\/\"><\/p>\n<p>B\u0151vebben <span class=\"meta-nav\">\u2192<\/span><\/a><\/p>\n","protected":false},"author":5,"featured_media":13530,"comment_status":"closed","ping_status":"closed","sticky":false,"template":"","format":"standard","meta":{"inline_featured_image":false,"footnotes":""},"categories":[58],"tags":[],"class_list":["post-13533","post","type-post","status-publish","format-standard","has-post-thumbnail","hentry","category-hirek"],"_links":{"self":[{"href":"https:\/\/www.gml.si\/hu\/wp-json\/wp\/v2\/posts\/13533","targetHints":{"allow":["GET"]}}],"collection":[{"href":"https:\/\/www.gml.si\/hu\/wp-json\/wp\/v2\/posts"}],"about":[{"href":"https:\/\/www.gml.si\/hu\/wp-json\/wp\/v2\/types\/post"}],"author":[{"embeddable":true,"href":"https:\/\/www.gml.si\/hu\/wp-json\/wp\/v2\/users\/5"}],"replies":[{"embeddable":true,"href":"https:\/\/www.gml.si\/hu\/wp-json\/wp\/v2\/comments?post=13533"}],"version-history":[{"count":0,"href":"https:\/\/www.gml.si\/hu\/wp-json\/wp\/v2\/posts\/13533\/revisions"}],"wp:featuredmedia":[{"embeddable":true,"href":"https:\/\/www.gml.si\/hu\/wp-json\/wp\/v2\/media\/13530"}],"wp:attachment":[{"href":"https:\/\/www.gml.si\/hu\/wp-json\/wp\/v2\/media?parent=13533"}],"wp:term":[{"taxonomy":"category","embeddable":true,"href":"https:\/\/www.gml.si\/hu\/wp-json\/wp\/v2\/categories?post=13533"},{"taxonomy":"post_tag","embeddable":true,"href":"https:\/\/www.gml.si\/hu\/wp-json\/wp\/v2\/tags?post=13533"}],"curies":[{"name":"wp","href":"https:\/\/api.w.org\/{rel}","templated":true}]}}