{"id":13828,"date":"2021-07-05T09:11:26","date_gmt":"2021-07-05T07:11:26","guid":{"rendered":"https:\/\/www.gml.si\/?p=13828"},"modified":"2021-07-05T09:13:36","modified_gmt":"2021-07-05T07:13:36","slug":"nyitvatartasi-ido-valtozasa","status":"publish","type":"post","link":"https:\/\/www.gml.si\/hu\/nyitvatartasi-ido-valtozasa\/","title":{"rendered":"NYITVATART\u00c1SI ID\u0150 V\u00c1LTOZ\u00c1SA"},"content":{"rendered":"<p><a href=\"http:\/\/www.gml.si\/wp-content\/uploads\/2019\/10\/simbol_ura2.png\" data-lbwps-width=\"225\" data-lbwps-height=\"225\" data-lbwps-srcsmall=\"https:\/\/www.gml.si\/wp-content\/uploads\/2019\/10\/simbol_ura2.png\"><img loading=\"lazy\" decoding=\"async\" class=\"size-large wp-image-13787 alignright\" src=\"http:\/\/www.gml.si\/wp-content\/uploads\/2019\/10\/simbol_ura2-225x225.png\" alt=\"\" width=\"225\" height=\"225\" srcset=\"https:\/\/www.gml.si\/wp-content\/uploads\/2019\/10\/simbol_ura2.png 225w, https:\/\/www.gml.si\/wp-content\/uploads\/2019\/10\/simbol_ura2-120x120.png 120w\" sizes=\"auto, (max-width: 225px) 100vw, 225px\" \/><\/a>Tisztelt l\u00e1togat\u00f3k!<\/p>\n<p>T\u00e1j\u00e9koztatjuk \u00d6n\u00f6ket, hogy m\u00e1t\u00f3l \u00faj nyitvatart\u00e1si rend van \u00e9rv\u00e9nyben a Gal\u00e9ria-M\u00fazeumban.<\/p>\n<p><strong>Lendvai v\u00e1r<\/strong><\/p>\n<p>[wp-svg-icons icon=&#8221;arrow-right-3&#8243; wrap=&#8221;i&#8221;] h\u00e9tf\u0151-p\u00e9ntek: 8.00-18.00<br \/>\n[wp-svg-icons icon=&#8221;arrow-right-3&#8243; wrap=&#8221;i&#8221;] szombat, vas\u00e1rnap \u00e9s \u00fcnnepnapok: 10.00-16.00<\/p>\n<p><strong>Zsinag\u00f3ga<\/strong><\/p>\n<p>[wp-svg-icons icon=&#8221;arrow-right-3&#8243; wrap=&#8221;i&#8221;] h\u00e9tf\u0151-szombat: 10.00-14.00<br \/>\n[wp-svg-icons icon=&#8221;arrow-right-3&#8243; wrap=&#8221;i&#8221;] vas\u00e1rnap \u00e9s \u00fcnnepnapok: Z\u00c1RVA<\/p>\n","protected":false},"excerpt":{"rendered":"<p>Tisztelt l\u00e1togat\u00f3k!<\/p>\n<p>T\u00e1j\u00e9koztatjuk \u00d6n\u00f6ket, hogy m\u00e1t\u00f3l \u00faj nyitvatart\u00e1si rend van \u00e9rv\u00e9nyben a Gal\u00e9ria-M\u00fazeumban. <a href=\"https:\/\/www.gml.si\/hu\/nyitvatartasi-ido-valtozasa\/\"><\/p>\n<p>B\u0151vebben <span class=\"meta-nav\">\u2192<\/span><\/a><\/p>\n","protected":false},"author":5,"featured_media":11928,"comment_status":"closed","ping_status":"closed","sticky":false,"template":"","format":"standard","meta":{"inline_featured_image":false,"footnotes":""},"categories":[58],"tags":[],"class_list":["post-13828","post","type-post","status-publish","format-standard","has-post-thumbnail","hentry","category-hirek"],"_links":{"self":[{"href":"https:\/\/www.gml.si\/hu\/wp-json\/wp\/v2\/posts\/13828","targetHints":{"allow":["GET"]}}],"collection":[{"href":"https:\/\/www.gml.si\/hu\/wp-json\/wp\/v2\/posts"}],"about":[{"href":"https:\/\/www.gml.si\/hu\/wp-json\/wp\/v2\/types\/post"}],"author":[{"embeddable":true,"href":"https:\/\/www.gml.si\/hu\/wp-json\/wp\/v2\/users\/5"}],"replies":[{"embeddable":true,"href":"https:\/\/www.gml.si\/hu\/wp-json\/wp\/v2\/comments?post=13828"}],"version-history":[{"count":0,"href":"https:\/\/www.gml.si\/hu\/wp-json\/wp\/v2\/posts\/13828\/revisions"}],"wp:featuredmedia":[{"embeddable":true,"href":"https:\/\/www.gml.si\/hu\/wp-json\/wp\/v2\/media\/11928"}],"wp:attachment":[{"href":"https:\/\/www.gml.si\/hu\/wp-json\/wp\/v2\/media?parent=13828"}],"wp:term":[{"taxonomy":"category","embeddable":true,"href":"https:\/\/www.gml.si\/hu\/wp-json\/wp\/v2\/categories?post=13828"},{"taxonomy":"post_tag","embeddable":true,"href":"https:\/\/www.gml.si\/hu\/wp-json\/wp\/v2\/tags?post=13828"}],"curies":[{"name":"wp","href":"https:\/\/api.w.org\/{rel}","templated":true}]}}