{"id":13896,"date":"2021-07-20T15:35:31","date_gmt":"2021-07-20T13:35:31","guid":{"rendered":"https:\/\/www.gml.si\/?p=13896"},"modified":"2021-07-20T15:35:31","modified_gmt":"2021-07-20T13:35:31","slug":"dr-lendvai-kepe-zoltan-volt-a-muraszombati-radio-murski-val-nedeljska-kuhinja-cimu-musor-vendege","status":"publish","type":"post","link":"https:\/\/www.gml.si\/hu\/dr-lendvai-kepe-zoltan-volt-a-muraszombati-radio-murski-val-nedeljska-kuhinja-cimu-musor-vendege\/","title":{"rendered":"Dr. Lendvai Kepe Zolt\u00e1n volt a muraszombati Radio Murski val Nedeljska kuhinja c\u00edm\u0171 m\u0171sor vend\u00e9ge"},"content":{"rendered":"<p><a href=\"https:\/\/www.gml.si\/wp-content\/uploads\/2021\/07\/zoltan_kepe_murski_val.jpg\" data-lbwps-width=\"720\" data-lbwps-height=\"720\" data-lbwps-srcsmall=\"https:\/\/www.gml.si\/wp-content\/uploads\/2021\/07\/zoltan_kepe_murski_val-500x500.jpg\"><img loading=\"lazy\" decoding=\"async\" class=\"alignright wp-image-13892\" src=\"https:\/\/www.gml.si\/wp-content\/uploads\/2021\/07\/zoltan_kepe_murski_val-500x500.jpg\" alt=\"\" width=\"250\" height=\"250\" srcset=\"https:\/\/www.gml.si\/wp-content\/uploads\/2021\/07\/zoltan_kepe_murski_val-500x500.jpg 500w, https:\/\/www.gml.si\/wp-content\/uploads\/2021\/07\/zoltan_kepe_murski_val-120x120.jpg 120w, https:\/\/www.gml.si\/wp-content\/uploads\/2021\/07\/zoltan_kepe_murski_val.jpg 720w\" sizes=\"auto, (max-width: 250px) 100vw, 250px\" \/><\/a>Dr. Lendvai Kepe Zolt\u00e1n, a Lendvai Gal\u00e9ria \u00e9s M\u00fazeum n\u00e9prajzkutat\u00f3ja \u00e9s f\u0151muzeol\u00f3gusa volt a muraszombati Radio Murski val Nedeljska kuhinja c\u00edm\u0171 m\u0171sor vend\u00e9ge.<\/p>\n<p>A m\u00e1sf\u00e9l\u00f3r\u00e1s \u00e9rdekes besz\u00e9lget\u00e9st Benjamin Langner Von H\u00f6veling \u00fajs\u00e1g\u00edr\u00f3 vezette, akinek ez\u00faton is k\u00f6sz\u00f6netet mondunk a sz\u00e1mos eddigi lendvai riportj\u00e1\u00e9rt.<\/p>\n<p>[wp-svg-icons icon=&#8221;link&#8221; wrap=&#8221;i&#8221;]<a href=\"https:\/\/www.murskival.si\/\"> https:\/\/www.murskival.si\/<\/a><\/p>\n<p>&nbsp;<\/p>\n<p>&nbsp;<\/p>\n","protected":false},"excerpt":{"rendered":"<p>Dr. Lendvai Kepe Zolt\u00e1n, a Lendvai Gal\u00e9ria \u00e9s M\u00fazeum n\u00e9prajzkutat\u00f3ja \u00e9s f\u0151muzeol\u00f3gusa volt a muraszombati Radio Murski val Nedeljska kuhinja c\u00edm\u0171 m\u0171sor vend\u00e9ge. A m\u00e1sf\u00e9l\u00f3r\u00e1s \u00e9rdekes besz\u00e9lget\u00e9st Benjamin Langner Von H\u00f6veling \u00fajs\u00e1g\u00edr\u00f3 vezette, akinek ez\u00faton is k\u00f6sz\u00f6netet mondunk a sz\u00e1mos &hellip; <a href=\"https:\/\/www.gml.si\/hu\/dr-lendvai-kepe-zoltan-volt-a-muraszombati-radio-murski-val-nedeljska-kuhinja-cimu-musor-vendege\/\"><\/p>\n<p>B\u0151vebben <span class=\"meta-nav\">\u2192<\/span><\/a><\/p>\n","protected":false},"author":5,"featured_media":13894,"comment_status":"closed","ping_status":"closed","sticky":false,"template":"","format":"standard","meta":{"inline_featured_image":false,"footnotes":""},"categories":[58],"tags":[],"class_list":["post-13896","post","type-post","status-publish","format-standard","has-post-thumbnail","hentry","category-hirek"],"_links":{"self":[{"href":"https:\/\/www.gml.si\/hu\/wp-json\/wp\/v2\/posts\/13896","targetHints":{"allow":["GET"]}}],"collection":[{"href":"https:\/\/www.gml.si\/hu\/wp-json\/wp\/v2\/posts"}],"about":[{"href":"https:\/\/www.gml.si\/hu\/wp-json\/wp\/v2\/types\/post"}],"author":[{"embeddable":true,"href":"https:\/\/www.gml.si\/hu\/wp-json\/wp\/v2\/users\/5"}],"replies":[{"embeddable":true,"href":"https:\/\/www.gml.si\/hu\/wp-json\/wp\/v2\/comments?post=13896"}],"version-history":[{"count":0,"href":"https:\/\/www.gml.si\/hu\/wp-json\/wp\/v2\/posts\/13896\/revisions"}],"wp:featuredmedia":[{"embeddable":true,"href":"https:\/\/www.gml.si\/hu\/wp-json\/wp\/v2\/media\/13894"}],"wp:attachment":[{"href":"https:\/\/www.gml.si\/hu\/wp-json\/wp\/v2\/media?parent=13896"}],"wp:term":[{"taxonomy":"category","embeddable":true,"href":"https:\/\/www.gml.si\/hu\/wp-json\/wp\/v2\/categories?post=13896"},{"taxonomy":"post_tag","embeddable":true,"href":"https:\/\/www.gml.si\/hu\/wp-json\/wp\/v2\/tags?post=13896"}],"curies":[{"name":"wp","href":"https:\/\/api.w.org\/{rel}","templated":true}]}}