{"id":13907,"date":"2021-07-20T15:42:05","date_gmt":"2021-07-20T13:42:05","guid":{"rendered":"https:\/\/www.gml.si\/?p=13907"},"modified":"2021-07-20T15:43:04","modified_gmt":"2021-07-20T13:43:04","slug":"kiallitas-a-szigetvari-hosrol-zrinyi-miklosrol","status":"publish","type":"post","link":"https:\/\/www.gml.si\/hu\/kiallitas-a-szigetvari-hosrol-zrinyi-miklosrol\/","title":{"rendered":"Ki\u00e1ll\u00edt\u00e1s a szigetv\u00e1ri h\u0151sr\u0151l, ZR\u00cdNYI MIKL\u00d3SR\u00d3L"},"content":{"rendered":"<p><a href=\"https:\/\/www.gml.si\/wp-content\/uploads\/2021\/07\/Zrinski-logo.jpg\" data-lbwps-width=\"844\" data-lbwps-height=\"1181\" data-lbwps-srcsmall=\"https:\/\/www.gml.si\/wp-content\/uploads\/2021\/07\/Zrinski-logo-357x500.jpg\"><img loading=\"lazy\" decoding=\"async\" class=\"alignright wp-image-13902\" src=\"https:\/\/www.gml.si\/wp-content\/uploads\/2021\/07\/Zrinski-logo-357x500.jpg\" alt=\"\" width=\"200\" height=\"280\" srcset=\"https:\/\/www.gml.si\/wp-content\/uploads\/2021\/07\/Zrinski-logo-357x500.jpg 357w, https:\/\/www.gml.si\/wp-content\/uploads\/2021\/07\/Zrinski-logo-732x1024.jpg 732w, https:\/\/www.gml.si\/wp-content\/uploads\/2021\/07\/Zrinski-logo.jpg 844w\" sizes=\"auto, (max-width: 200px) 100vw, 200px\" \/><\/a>A Tulip\u00e1nos l\u00e1da j\u00faliusi ad\u00e1s\u00e1ban dr. Lendvai Kepe Zolt\u00e1n, a Lendvai Gal\u00e9ria \u00e9s M\u00fazeum f\u0151muzeol\u00f3gusa seg\u00edts\u00e9g\u00e9vel megismerhetik a lendvai Horv\u00e1t M\u0171vel\u0151d\u00e9si Egyes\u00fclet meg\u00fajult sz\u00e9kh\u00e1z\u00e1nak (Lendva, F\u0151 utca 28.) \u00faj ki\u00e1ll\u00edt\u00e1s\u00e1t a szigetv\u00e1ri Zr\u00ednyi Mikl\u00f3sr\u00f3l.<\/p>\n<p>[wp-svg-icons icon=&#8221;link&#8221; wrap=&#8221;i&#8221;] <a href=\"https:\/\/4d.rtvslo.si\/arhiv\/tulipanos-lada\/174792253?jwsource=cl\">https:\/\/www.rtvslo.si\/mmr\/hirek\/tulipanos-lada\/rejtett-kincs\/588186<\/a><\/p>\n","protected":false},"excerpt":{"rendered":"<p>A Tulip\u00e1nos l\u00e1da j\u00faliusi ad\u00e1s\u00e1ban dr. Lendvai Kepe Zolt\u00e1n, a Lendvai Gal\u00e9ria \u00e9s M\u00fazeum f\u0151muzeol\u00f3gusa seg\u00edts\u00e9g\u00e9vel megismerhetik a lendvai Horv\u00e1t M\u0171vel\u0151d\u00e9si Egyes\u00fclet meg\u00fajult sz\u00e9kh\u00e1z\u00e1nak (Lendva, F\u0151 utca 28.) \u00faj ki\u00e1ll\u00edt\u00e1s\u00e1t a szigetv\u00e1ri Zr\u00ednyi Mikl\u00f3sr\u00f3l. <a href=\"https:\/\/www.gml.si\/hu\/kiallitas-a-szigetvari-hosrol-zrinyi-miklosrol\/\"><\/p>\n<p>B\u0151vebben <span class=\"meta-nav\">\u2192<\/span><\/a><\/p>\n","protected":false},"author":5,"featured_media":13904,"comment_status":"closed","ping_status":"closed","sticky":false,"template":"","format":"standard","meta":{"inline_featured_image":false,"footnotes":""},"categories":[58],"tags":[],"class_list":["post-13907","post","type-post","status-publish","format-standard","has-post-thumbnail","hentry","category-hirek"],"_links":{"self":[{"href":"https:\/\/www.gml.si\/hu\/wp-json\/wp\/v2\/posts\/13907","targetHints":{"allow":["GET"]}}],"collection":[{"href":"https:\/\/www.gml.si\/hu\/wp-json\/wp\/v2\/posts"}],"about":[{"href":"https:\/\/www.gml.si\/hu\/wp-json\/wp\/v2\/types\/post"}],"author":[{"embeddable":true,"href":"https:\/\/www.gml.si\/hu\/wp-json\/wp\/v2\/users\/5"}],"replies":[{"embeddable":true,"href":"https:\/\/www.gml.si\/hu\/wp-json\/wp\/v2\/comments?post=13907"}],"version-history":[{"count":0,"href":"https:\/\/www.gml.si\/hu\/wp-json\/wp\/v2\/posts\/13907\/revisions"}],"wp:featuredmedia":[{"embeddable":true,"href":"https:\/\/www.gml.si\/hu\/wp-json\/wp\/v2\/media\/13904"}],"wp:attachment":[{"href":"https:\/\/www.gml.si\/hu\/wp-json\/wp\/v2\/media?parent=13907"}],"wp:term":[{"taxonomy":"category","embeddable":true,"href":"https:\/\/www.gml.si\/hu\/wp-json\/wp\/v2\/categories?post=13907"},{"taxonomy":"post_tag","embeddable":true,"href":"https:\/\/www.gml.si\/hu\/wp-json\/wp\/v2\/tags?post=13907"}],"curies":[{"name":"wp","href":"https:\/\/api.w.org\/{rel}","templated":true}]}}