{"id":14157,"date":"2021-10-19T12:33:15","date_gmt":"2021-10-19T10:33:15","guid":{"rendered":"https:\/\/www.gml.si\/?p=14157"},"modified":"2021-10-26T09:50:42","modified_gmt":"2021-10-26T07:50:42","slug":"meghivo-danc-roth-marika-monografiajanak-bemutatoja-a-zsinagogaban","status":"publish","type":"post","link":"https:\/\/www.gml.si\/hu\/meghivo-danc-roth-marika-monografiajanak-bemutatoja-a-zsinagogaban\/","title":{"rendered":"MEGH\u00cdV\u00d3: Dan\u010d-Roth Marika monogr\u00e1fi\u00e1j\u00e1nak bemutat\u00f3ja a zsinag\u00f3g\u00e1ban"},"content":{"rendered":"<p><strong>Monogr\u00e1fia-bemutat\u00f3 \u00e9s t\u00e1rlatvezet\u00e9s<\/strong><\/p>\n<p>A Lendvai Gal\u00e9ria \u00e9s M\u00fazeum szeretettl mehg\u00edv minden kedves \u00e9rdkl\u0151d\u0151t Dan\u010d-Roth Marika monogr\u00e1fi\u00e1j\u00e1nak bemutat\u00f3j\u00e1ra, amely <strong>2021. okt\u00f3ber 22-\u00e9n<\/strong>, p\u00e9nteken 19.00 \u00f3rakor lesz a lendvai zsinag\u00f3g\u00e1ban.<\/p>\n<p>Tanja \u0160imonka m\u0171v\u00e9szett\u00f6rt\u00e9n\u00e9sszel, a k\u00f6nyv szerz\u0151j\u00e9vel Pisnjak Atilla, a Lendvai Gal\u00e9ria \u00e9s M\u00fazeum kur\u00e1tora besz\u00e9lget.\u00a0<\/p>\n<p>A bemutat\u00f3t k\u00f6vet\u0151en Dan\u010d-Roth Marika tart t\u00e1rlatvezet\u00e9st a <em>Dicshimnusz a k\u00e9znek \u00e9s a fon\u00e1lnak <\/em>c\u00edm\u0171 ki\u00e1ll\u00edt\u00e1s\u00e1ban.<\/p>\n<p><img loading=\"lazy\" decoding=\"async\" class=\"alignnone size-full wp-image-14154\" src=\"https:\/\/www.gml.si\/wp-content\/uploads\/2021\/10\/marika_danc_roth_monografija.jpg\" alt=\"\" width=\"598\" height=\"396\" srcset=\"https:\/\/www.gml.si\/wp-content\/uploads\/2021\/10\/marika_danc_roth_monografija.jpg 598w, https:\/\/www.gml.si\/wp-content\/uploads\/2021\/10\/marika_danc_roth_monografija-500x331.jpg 500w\" sizes=\"auto, (max-width: 598px) 100vw, 598px\" \/><\/p>\n<h2>A SAJT\u00d3BAN<\/h2>\n<ul>\n<li><a href=\"https:\/\/www.rtvslo.si\/mmr\/hirek\/terepjaro\/az-utazo-aki-hazatert\/598598\">MMR &#8211; Az utaz\u00f3, aki hazat\u00e9rt<\/a> (Terepj\u00e1r\u00f3, Gerebic Betina, 2021. 10. 23.)<\/li>\n<li><a href=\"https:\/\/vestnik.si\/clanek\/aktualno\/foto-v-lendavski-sinagogi-predstavili-monografijo-marike-danc-roth-915011\">VESTNIK: V lendavski sinagogi predstavili monografijo Marike Dan\u010d-Roth<\/a> (Jo\u017ee Gabor, 2021. 10. 23.)<\/li>\n<\/ul>\n","protected":false},"excerpt":{"rendered":"<p>A Lendvai Gal\u00e9ria \u00e9s M\u00fazeum szeretettl mehg\u00edv minden kedves \u00e9rdkl\u0151d\u0151t Dan\u010d-Roth Marika monogr\u00e1fi\u00e1j\u00e1nak bemutat\u00f3j\u00e1ra, amely <strong>2021. okt\u00f3ber 22-\u00e9n<\/strong>, p\u00e9nteken 19.00 \u00f3rakor lesz a lendvai zsinag\u00f3g\u00e1ban. <a href=\"https:\/\/www.gml.si\/hu\/meghivo-danc-roth-marika-monografiajanak-bemutatoja-a-zsinagogaban\/\"><\/p>\n<p>B\u0151vebben <span class=\"meta-nav\">\u2192<\/span><\/a><\/p>\n","protected":false},"author":5,"featured_media":14154,"comment_status":"closed","ping_status":"closed","sticky":false,"template":"","format":"standard","meta":{"inline_featured_image":false,"footnotes":""},"categories":[58],"tags":[],"class_list":["post-14157","post","type-post","status-publish","format-standard","has-post-thumbnail","hentry","category-hirek"],"_links":{"self":[{"href":"https:\/\/www.gml.si\/hu\/wp-json\/wp\/v2\/posts\/14157","targetHints":{"allow":["GET"]}}],"collection":[{"href":"https:\/\/www.gml.si\/hu\/wp-json\/wp\/v2\/posts"}],"about":[{"href":"https:\/\/www.gml.si\/hu\/wp-json\/wp\/v2\/types\/post"}],"author":[{"embeddable":true,"href":"https:\/\/www.gml.si\/hu\/wp-json\/wp\/v2\/users\/5"}],"replies":[{"embeddable":true,"href":"https:\/\/www.gml.si\/hu\/wp-json\/wp\/v2\/comments?post=14157"}],"version-history":[{"count":0,"href":"https:\/\/www.gml.si\/hu\/wp-json\/wp\/v2\/posts\/14157\/revisions"}],"wp:featuredmedia":[{"embeddable":true,"href":"https:\/\/www.gml.si\/hu\/wp-json\/wp\/v2\/media\/14154"}],"wp:attachment":[{"href":"https:\/\/www.gml.si\/hu\/wp-json\/wp\/v2\/media?parent=14157"}],"wp:term":[{"taxonomy":"category","embeddable":true,"href":"https:\/\/www.gml.si\/hu\/wp-json\/wp\/v2\/categories?post=14157"},{"taxonomy":"post_tag","embeddable":true,"href":"https:\/\/www.gml.si\/hu\/wp-json\/wp\/v2\/tags?post=14157"}],"curies":[{"name":"wp","href":"https:\/\/api.w.org\/{rel}","templated":true}]}}