{"id":14236,"date":"2021-11-12T19:04:59","date_gmt":"2021-11-12T18:04:59","guid":{"rendered":"https:\/\/www.gml.si\/?p=14236"},"modified":"2021-11-13T10:12:38","modified_gmt":"2021-11-13T09:12:38","slug":"tolgyfa-fosszilia-athelyezese-lendvan","status":"publish","type":"post","link":"https:\/\/www.gml.si\/hu\/tolgyfa-fosszilia-athelyezese-lendvan\/","title":{"rendered":"T\u00d6LGYFA FOSSZ\u00cdLIA \u00c1THELYEZ\u00c9SE LENDV\u00c1N"},"content":{"rendered":"<p><a href=\"https:\/\/www.gml.si\/wp-content\/uploads\/2021\/11\/subfosilni_hrast_2021_1.jpg\" data-lbwps-width=\"1600\" data-lbwps-height=\"1067\" data-lbwps-srcsmall=\"https:\/\/www.gml.si\/wp-content\/uploads\/2021\/11\/subfosilni_hrast_2021_1-500x333.jpg\"><img loading=\"lazy\" decoding=\"async\" class=\"alignnone size-large wp-image-14240\" src=\"https:\/\/www.gml.si\/wp-content\/uploads\/2021\/11\/subfosilni_hrast_2021_1-1024x683.jpg\" alt=\"\" width=\"1024\" height=\"683\" srcset=\"https:\/\/www.gml.si\/wp-content\/uploads\/2021\/11\/subfosilni_hrast_2021_1-1024x683.jpg 1024w, https:\/\/www.gml.si\/wp-content\/uploads\/2021\/11\/subfosilni_hrast_2021_1-500x333.jpg 500w, https:\/\/www.gml.si\/wp-content\/uploads\/2021\/11\/subfosilni_hrast_2021_1.jpg 1600w\" sizes=\"auto, (max-width: 1024px) 100vw, 1024px\" \/><\/a> A lendvai 1600 \u00e9ves 6 tonn\u00e1s megk\u00f6vesedett t\u00f6lgyfa\u00f3ri\u00e1st ma d\u00e9lel\u0151tt Lendva k\u00f6zpontj\u00e1ba, a lendvai v\u00e1r t\u00f6v\u00e9be sz\u00e1ll\u00edtott\u00e1k. A m\u0171veletet a Lendvai Gal\u00e9ria \u00e9s M\u00fazeum szakmai fel\u00fcgyelete alatt a lendvai Nafta Strojna c\u00e9g v\u00e9gezte el t\u00f6k\u00e9letesen. A sz\u00e1ll\u00edt\u00e1st a v\u00e1ros utc\u00e1in Lendva Polg\u00e1rmesteri Hivatal\u00e1nak munkat\u00e1rsai biztos\u00edtott\u00e1k. K\u00f6sz\u00f6net minden r\u00e9sztvev\u0151nek.<\/p>\n<div id='gallery-1' class='gallery galleryid-14236 gallery-columns-4 gallery-size-thumbnail'><dl class='gallery-item'>\n\t\t\t<dt class='gallery-icon landscape'>\n\t\t\t\t<a href='https:\/\/www.gml.si\/wp-content\/uploads\/2021\/11\/subfosilni_hrast_2021_3.jpg'><img loading=\"lazy\" decoding=\"async\" width=\"120\" height=\"120\" src=\"https:\/\/www.gml.si\/wp-content\/uploads\/2021\/11\/subfosilni_hrast_2021_3-120x120.jpg\" class=\"attachment-thumbnail size-thumbnail\" alt=\"\" \/><\/a>\n\t\t\t<\/dt><\/dl><dl class='gallery-item'>\n\t\t\t<dt class='gallery-icon landscape'>\n\t\t\t\t<a href='https:\/\/www.gml.si\/wp-content\/uploads\/2021\/11\/subfosilni_hrast_2021_5.jpg'><img loading=\"lazy\" decoding=\"async\" width=\"120\" height=\"120\" src=\"https:\/\/www.gml.si\/wp-content\/uploads\/2021\/11\/subfosilni_hrast_2021_5-120x120.jpg\" class=\"attachment-thumbnail size-thumbnail\" alt=\"\" \/><\/a>\n\t\t\t<\/dt><\/dl><dl class='gallery-item'>\n\t\t\t<dt class='gallery-icon landscape'>\n\t\t\t\t<a href='https:\/\/www.gml.si\/wp-content\/uploads\/2021\/11\/subfosilni_hrast_2021_2.jpg'><img loading=\"lazy\" decoding=\"async\" width=\"120\" height=\"120\" src=\"https:\/\/www.gml.si\/wp-content\/uploads\/2021\/11\/subfosilni_hrast_2021_2-120x120.jpg\" class=\"attachment-thumbnail size-thumbnail\" alt=\"\" \/><\/a>\n\t\t\t<\/dt><\/dl><dl class='gallery-item'>\n\t\t\t<dt class='gallery-icon landscape'>\n\t\t\t\t<a href='https:\/\/www.gml.si\/wp-content\/uploads\/2021\/11\/subfosilni_hrast_2021_4.jpg'><img loading=\"lazy\" decoding=\"async\" width=\"120\" height=\"120\" src=\"https:\/\/www.gml.si\/wp-content\/uploads\/2021\/11\/subfosilni_hrast_2021_4-120x120.jpg\" class=\"attachment-thumbnail size-thumbnail\" alt=\"\" \/><\/a>\n\t\t\t<\/dt><\/dl><br style=\"clear: both\" \/>\n\t\t<\/div>\n\n<h2>A SAJT\u00d3BAN:<\/h2>\n<ul>\n<li><a href=\"https:\/\/www.rtvslo.si\/mmr\/hirek\/terepjaro\/uj-helyen-a-toebbezer-eves-toelgy\/600946\">\u00daj helyen a t\u00f6bbezer \u00e9ves t\u00f6lgy<\/a> (MMR \/ Terepj\u00e1r\u00f3 &#8211; Gerebic Betina, 2021. 11. 12.)<\/li>\n<li><a href=\"http:\/\/lendavainfo.com\/foto-po-40-letih-zgodovinski-subfosilni-hrast-premescen-na-novo-lokacijo\/\">Po 40. letih zgodovinski subfosilni hrast preme\u0161\u010den na novo lokacijo<\/a> (Lendavainfo.com, 2021. 11. 13.)<\/li>\n<\/ul>\n<p>&nbsp;<\/p>\n","protected":false},"excerpt":{"rendered":"<p>A lendvai 1600 \u00e9ves 6 tonn\u00e1s megk\u00f6vesedett t\u00f6lgyfa\u00f3ri\u00e1st ma d\u00e9lel\u0151tt Lendva k\u00f6zpontj\u00e1ba, a lendvai v\u00e1r t\u00f6v\u00e9be sz\u00e1ll\u00edtott\u00e1k. A m\u0171veletet a Lendvai Gal\u00e9ria \u00e9s M\u00fazeum szakmai fel\u00fcgyelete alatt a lendvai Nafta Strojna c\u00e9g v\u00e9gezte el t\u00f6k\u00e9letesen. A sz\u00e1ll\u00edt\u00e1st a v\u00e1ros utc\u00e1in &hellip; <a href=\"https:\/\/www.gml.si\/hu\/tolgyfa-fosszilia-athelyezese-lendvan\/\"><\/p>\n<p>B\u0151vebben <span class=\"meta-nav\">\u2192<\/span><\/a><\/p>\n","protected":false},"author":5,"featured_media":14249,"comment_status":"closed","ping_status":"closed","sticky":false,"template":"","format":"standard","meta":{"inline_featured_image":false,"footnotes":""},"categories":[58],"tags":[],"class_list":["post-14236","post","type-post","status-publish","format-standard","has-post-thumbnail","hentry","category-hirek"],"_links":{"self":[{"href":"https:\/\/www.gml.si\/hu\/wp-json\/wp\/v2\/posts\/14236","targetHints":{"allow":["GET"]}}],"collection":[{"href":"https:\/\/www.gml.si\/hu\/wp-json\/wp\/v2\/posts"}],"about":[{"href":"https:\/\/www.gml.si\/hu\/wp-json\/wp\/v2\/types\/post"}],"author":[{"embeddable":true,"href":"https:\/\/www.gml.si\/hu\/wp-json\/wp\/v2\/users\/5"}],"replies":[{"embeddable":true,"href":"https:\/\/www.gml.si\/hu\/wp-json\/wp\/v2\/comments?post=14236"}],"version-history":[{"count":0,"href":"https:\/\/www.gml.si\/hu\/wp-json\/wp\/v2\/posts\/14236\/revisions"}],"wp:featuredmedia":[{"embeddable":true,"href":"https:\/\/www.gml.si\/hu\/wp-json\/wp\/v2\/media\/14249"}],"wp:attachment":[{"href":"https:\/\/www.gml.si\/hu\/wp-json\/wp\/v2\/media?parent=14236"}],"wp:term":[{"taxonomy":"category","embeddable":true,"href":"https:\/\/www.gml.si\/hu\/wp-json\/wp\/v2\/categories?post=14236"},{"taxonomy":"post_tag","embeddable":true,"href":"https:\/\/www.gml.si\/hu\/wp-json\/wp\/v2\/tags?post=14236"}],"curies":[{"name":"wp","href":"https:\/\/api.w.org\/{rel}","templated":true}]}}