{"id":14459,"date":"2022-01-26T19:20:42","date_gmt":"2022-01-26T18:20:42","guid":{"rendered":"https:\/\/www.gml.si\/?p=14459"},"modified":"2022-01-26T23:57:10","modified_gmt":"2022-01-26T22:57:10","slug":"soa-2022-holokauszt-emleknap","status":"publish","type":"post","link":"https:\/\/www.gml.si\/hu\/soa-2022-holokauszt-emleknap\/","title":{"rendered":"SO\u00c1 2022: Holokauszt eml\u00e9knap"},"content":{"rendered":"<p>Ma, a holokauszt eml\u00e9knap alkalm\u00e1b\u00f3l rendezett megeml\u00e9kez\u0151 rendezv\u00e9nyek keret\u00e9ben, Boris Hajdinjak, a Maribori Zsinag\u00f3ga igazgat\u00f3ja tartott t\u00f6rt\u00e9nelem\u00f3r\u00e1t a lendvai K\u00e9tnyelv\u0171 K\u00f6z\u00e9piskola di\u00e1kjai sz\u00e1m\u00e1ra.<\/p>\n<p><em>&#8222;T\u00fcnd\u00f6k\u00f6ltt az \u00e9g a kremat\u00f3rium felett\u2026&#8221;: a lendvai Zsid\u00f3k a holokauszt idej\u00e9n<\/em> c\u00edm\u0171 el\u0151ad\u00e1st a di\u00e1kok a lendvai zsinag\u00f3g\u00e1ban el\u0151ben valamint a vil\u00e1gh\u00e1ll\u00f3n kereszt\u00fcl k\u00f6vethett\u00e9k.<\/p>\n<p><a href=\"https:\/\/www.gml.si\/wp-content\/uploads\/2022\/01\/sinagoga_SOA2022.jpg\" data-lbwps-width=\"640\" data-lbwps-height=\"480\" data-lbwps-srcsmall=\"https:\/\/www.gml.si\/wp-content\/uploads\/2022\/01\/sinagoga_SOA2022-500x375.jpg\"><img loading=\"lazy\" decoding=\"async\" class=\"alignnone size-large wp-image-14455\" src=\"https:\/\/www.gml.si\/wp-content\/uploads\/2022\/01\/sinagoga_SOA2022-640x480.jpg\" alt=\"\" width=\"640\" height=\"480\" srcset=\"https:\/\/www.gml.si\/wp-content\/uploads\/2022\/01\/sinagoga_SOA2022.jpg 640w, https:\/\/www.gml.si\/wp-content\/uploads\/2022\/01\/sinagoga_SOA2022-500x375.jpg 500w\" sizes=\"auto, (max-width: 640px) 100vw, 640px\" \/><\/a><\/p>\n<p>[wp-svg-icons icon=&#8221;link&#8221; wrap=&#8221;i&#8221;] <a href=\"https:\/\/www.dssl.si\/\">https:\/\/www.dssl.si\/<\/a><\/p>\n","protected":false},"excerpt":{"rendered":"<p>Ma, a holokauszt eml\u00e9knap alkalm\u00e1b\u00f3l rendezett megeml\u00e9kez\u0151 rendezv\u00e9nyek keret\u00e9ben, Boris Hajdinjak, a Maribori Zsinag\u00f3ga igazgat\u00f3ja tartott t\u00f6rt\u00e9nelem\u00f3r\u00e1t a lendvai K\u00e9tnyelv\u0171 K\u00f6z\u00e9piskola di\u00e1kjai sz\u00e1m\u00e1ra. <a href=\"https:\/\/www.gml.si\/hu\/soa-2022-holokauszt-emleknap\/\"><\/p>\n<p>B\u0151vebben <span class=\"meta-nav\">\u2192<\/span><\/a><\/p>\n","protected":false},"author":5,"featured_media":14455,"comment_status":"closed","ping_status":"closed","sticky":false,"template":"","format":"standard","meta":{"inline_featured_image":false,"footnotes":""},"categories":[58],"tags":[],"class_list":["post-14459","post","type-post","status-publish","format-standard","has-post-thumbnail","hentry","category-hirek"],"_links":{"self":[{"href":"https:\/\/www.gml.si\/hu\/wp-json\/wp\/v2\/posts\/14459","targetHints":{"allow":["GET"]}}],"collection":[{"href":"https:\/\/www.gml.si\/hu\/wp-json\/wp\/v2\/posts"}],"about":[{"href":"https:\/\/www.gml.si\/hu\/wp-json\/wp\/v2\/types\/post"}],"author":[{"embeddable":true,"href":"https:\/\/www.gml.si\/hu\/wp-json\/wp\/v2\/users\/5"}],"replies":[{"embeddable":true,"href":"https:\/\/www.gml.si\/hu\/wp-json\/wp\/v2\/comments?post=14459"}],"version-history":[{"count":0,"href":"https:\/\/www.gml.si\/hu\/wp-json\/wp\/v2\/posts\/14459\/revisions"}],"wp:featuredmedia":[{"embeddable":true,"href":"https:\/\/www.gml.si\/hu\/wp-json\/wp\/v2\/media\/14455"}],"wp:attachment":[{"href":"https:\/\/www.gml.si\/hu\/wp-json\/wp\/v2\/media?parent=14459"}],"wp:term":[{"taxonomy":"category","embeddable":true,"href":"https:\/\/www.gml.si\/hu\/wp-json\/wp\/v2\/categories?post=14459"},{"taxonomy":"post_tag","embeddable":true,"href":"https:\/\/www.gml.si\/hu\/wp-json\/wp\/v2\/tags?post=14459"}],"curies":[{"name":"wp","href":"https:\/\/api.w.org\/{rel}","templated":true}]}}