{"id":14654,"date":"2022-02-10T13:25:43","date_gmt":"2022-02-10T12:25:43","guid":{"rendered":"https:\/\/www.gml.si\/?p=14654"},"modified":"2022-02-10T13:25:43","modified_gmt":"2022-02-10T12:25:43","slug":"a-soha-meg-na-valosult-lendvai-evangelikus-templomrol-a-vitrina-cimu-kiadvanyban","status":"publish","type":"post","link":"https:\/\/www.gml.si\/hu\/a-soha-meg-na-valosult-lendvai-evangelikus-templomrol-a-vitrina-cimu-kiadvanyban\/","title":{"rendered":"A soha meg na val\u00f3sult lendvai evang\u00e9likus templomr\u00f3l a Vitrina c\u00edm\u0171 kiadv\u00e1nyban"},"content":{"rendered":"<div id=\"attachment_14638\" style=\"width: 210px\" class=\"wp-caption alignright\"><a href=\"https:\/\/www.gml.si\/wp-content\/uploads\/2022\/02\/evang_cerkev_1906.jpg\" data-lbwps-width=\"1610\" data-lbwps-height=\"2048\" data-lbwps-srcsmall=\"https:\/\/www.gml.si\/wp-content\/uploads\/2022\/02\/evang_cerkev_1906-393x500.jpg\"><img loading=\"lazy\" decoding=\"async\" aria-describedby=\"caption-attachment-14638\" class=\"wp-image-14640\" src=\"https:\/\/www.gml.si\/wp-content\/uploads\/2022\/02\/evang_cerkev_1906-393x500.jpg\" alt=\"\" width=\"200\" height=\"254\" srcset=\"https:\/\/www.gml.si\/wp-content\/uploads\/2022\/02\/evang_cerkev_1906-393x500.jpg 393w, https:\/\/www.gml.si\/wp-content\/uploads\/2022\/02\/evang_cerkev_1906-805x1024.jpg 805w, https:\/\/www.gml.si\/wp-content\/uploads\/2022\/02\/evang_cerkev_1906.jpg 1610w\" sizes=\"auto, (max-width: 200px) 100vw, 200px\" \/><\/a><p id=\"caption-attachment-14638\" class=\"wp-caption-text\"><strong>Gerey Ern\u0151: A templom homlokzati terve*<\/strong> (Forr\u00e1s: Gal\u00e9ria-M\u00fazeum Lendva).<\/p><\/div>\n<p>M\u00fazeumunkban 2016-ban, az <em>&#8222;Er\u0151s v\u00e1r a mi Isten\u00fcnk&#8221;<\/em> c\u00edm\u0171 ki\u00e1ll\u00edt\u00e1sban, a reform\u00e1ci\u00f3 500. \u00e9vfordul\u00f3j\u00e1nak tisztelet\u00e9re, megtekinthet\u0151 volt a soha meg na val\u00f3sult lendvai evang\u00e9likus templom tervrajza 1906-b\u00f3l. <\/p>\n<p>A tervrajzot \u00e9s az \u00e9p\u00edtkez\u00e9s t\u00f6rt\u00e9net\u00e9t szakmailag <strong>Pisnjak Atilla<\/strong>, m\u00fazeumunk m\u0171v\u00e9szett\u00f6rt\u00e9n\u00e9sze mutatja be a <a href=\"https:\/\/lendava.si\/vsebina\/vitrina-forma-odtis-casa-preobrazba-februar-2022\">Vitrina<\/a> c\u00edm\u0171 most megjelent k\u00f6zs\u00e9gi kaidv\u00e1nyban.<\/p>\n<p>Aj\u00e1nljuk figyelm\u00fckbe!<\/p>\n<p>[wp-svg-icons icon=&#8221;link&#8221; wrap=&#8221;i&#8221;] <a href=\"https:\/\/lendava.si\/vsebina\/vitrina-forma-odtis-casa-preobrazba-februar-2022\">https:\/\/lendava.si\/vsebina\/vitrina-forma-odtis-casa-preobrazba-februar-2022<\/a><\/p>\n<p><em>* A g\u00f3tik\u00e1ra jellemz\u0151 a magasba t\u00f6r\u0151 \u00e9p\u00fcletelemek, a t\u00e1mpill\u00e9rek haszn\u00e1lata, a r\u00f3zsaablak, valamint a h\u00e1romsz\u00f6gmot\u00edvum gyakori ism\u00e9tl\u00e9se.<\/em><\/p>\n<p><a href=\"https:\/\/www.gml.si\/wp-content\/uploads\/2022\/02\/VITRINA_2022.jpg\" data-lbwps-width=\"794\" data-lbwps-height=\"1123\" data-lbwps-srcsmall=\"https:\/\/www.gml.si\/wp-content\/uploads\/2022\/02\/VITRINA_2022-354x500.jpg\"><img loading=\"lazy\" decoding=\"async\" class=\"alignleft wp-image-14637 size-large\" src=\"https:\/\/www.gml.si\/wp-content\/uploads\/2022\/02\/VITRINA_2022-724x1024.jpg\" alt=\"\" width=\"724\" height=\"1024\" srcset=\"https:\/\/www.gml.si\/wp-content\/uploads\/2022\/02\/VITRINA_2022-724x1024.jpg 724w, https:\/\/www.gml.si\/wp-content\/uploads\/2022\/02\/VITRINA_2022-354x500.jpg 354w, https:\/\/www.gml.si\/wp-content\/uploads\/2022\/02\/VITRINA_2022.jpg 794w\" sizes=\"auto, (max-width: 724px) 100vw, 724px\" \/><\/a><\/p>\n","protected":false},"excerpt":{"rendered":"<p>M\u00fazeumunkban 2016-ban, az &#8222;Er\u0151s v\u00e1r a mi Isten\u00fcnk&#8221; c\u00edm\u0171 ki\u00e1ll\u00edt\u00e1sban, a reform\u00e1ci\u00f3 500. \u00e9vfordul\u00f3j\u00e1nak tisztelet\u00e9re, megtekinthet\u0151 volt a soha meg na val\u00f3sult lendvai evang\u00e9likus templom tervrajza 1906-b\u00f3l. A tervrajzot \u00e9s az \u00e9p\u00edtkez\u00e9s t\u00f6rt\u00e9net\u00e9t szakmailag Pisnjak Atilla, m\u00fazeumunk m\u0171v\u00e9szett\u00f6rt\u00e9n\u00e9sze mutatja be &hellip; <a href=\"https:\/\/www.gml.si\/hu\/a-soha-meg-na-valosult-lendvai-evangelikus-templomrol-a-vitrina-cimu-kiadvanyban\/\"><\/p>\n<p>B\u0151vebben <span class=\"meta-nav\">\u2192<\/span><\/a><\/p>\n","protected":false},"author":5,"featured_media":14640,"comment_status":"closed","ping_status":"closed","sticky":false,"template":"","format":"standard","meta":{"inline_featured_image":false,"footnotes":""},"categories":[58],"tags":[],"class_list":["post-14654","post","type-post","status-publish","format-standard","has-post-thumbnail","hentry","category-hirek"],"_links":{"self":[{"href":"https:\/\/www.gml.si\/hu\/wp-json\/wp\/v2\/posts\/14654","targetHints":{"allow":["GET"]}}],"collection":[{"href":"https:\/\/www.gml.si\/hu\/wp-json\/wp\/v2\/posts"}],"about":[{"href":"https:\/\/www.gml.si\/hu\/wp-json\/wp\/v2\/types\/post"}],"author":[{"embeddable":true,"href":"https:\/\/www.gml.si\/hu\/wp-json\/wp\/v2\/users\/5"}],"replies":[{"embeddable":true,"href":"https:\/\/www.gml.si\/hu\/wp-json\/wp\/v2\/comments?post=14654"}],"version-history":[{"count":0,"href":"https:\/\/www.gml.si\/hu\/wp-json\/wp\/v2\/posts\/14654\/revisions"}],"wp:featuredmedia":[{"embeddable":true,"href":"https:\/\/www.gml.si\/hu\/wp-json\/wp\/v2\/media\/14640"}],"wp:attachment":[{"href":"https:\/\/www.gml.si\/hu\/wp-json\/wp\/v2\/media?parent=14654"}],"wp:term":[{"taxonomy":"category","embeddable":true,"href":"https:\/\/www.gml.si\/hu\/wp-json\/wp\/v2\/categories?post=14654"},{"taxonomy":"post_tag","embeddable":true,"href":"https:\/\/www.gml.si\/hu\/wp-json\/wp\/v2\/tags?post=14654"}],"curies":[{"name":"wp","href":"https:\/\/api.w.org\/{rel}","templated":true}]}}