{"id":14671,"date":"2022-03-01T11:59:59","date_gmt":"2022-03-01T10:59:59","guid":{"rendered":"https:\/\/www.gml.si\/?p=14671"},"modified":"2022-03-01T11:59:59","modified_gmt":"2022-03-01T10:59:59","slug":"tarlatvezetes-a-marika-danc-roth-dicshimnusz-a-keznek-es-a-fonalnak-cimu-kiallitason-keresztul","status":"publish","type":"post","link":"https:\/\/www.gml.si\/hu\/tarlatvezetes-a-marika-danc-roth-dicshimnusz-a-keznek-es-a-fonalnak-cimu-kiallitason-keresztul\/","title":{"rendered":"T\u00e1rlatvezet\u00e9s a Marika Dan\u010d-Roth: Dicshimnusz a k\u00e9znek \u00e9s a fon\u00e1lnak c\u00edm\u0171 ki\u00e1ll\u00edt\u00e1son kereszt\u00fcl"},"content":{"rendered":"<p><a href=\"https:\/\/www.gml.si\/wp-content\/uploads\/2022\/03\/marika_danc_roth.jpg\" data-lbwps-width=\"2936\" data-lbwps-height=\"1427\" data-lbwps-srcsmall=\"https:\/\/www.gml.si\/wp-content\/uploads\/2022\/03\/marika_danc_roth.jpg\"><img loading=\"lazy\" decoding=\"async\" class=\"alignnone size-large wp-image-14668\" src=\"https:\/\/www.gml.si\/wp-content\/uploads\/2022\/03\/marika_danc_roth-scaled-1024x498.jpg\" alt=\"\" width=\"1024\" height=\"498\" srcset=\"https:\/\/www.gml.si\/wp-content\/uploads\/2022\/03\/marika_danc_roth-scaled-1024x498.jpg 1024w, https:\/\/www.gml.si\/wp-content\/uploads\/2022\/03\/marika_danc_roth-scaled-500x243.jpg 500w\" sizes=\"auto, (max-width: 1024px) 100vw, 1024px\" \/><\/a><\/p>\n<p>Tisztelt M\u0171v\u00e9szetkedvel\u0151k!<\/p>\n<p>Marika Dan\u010d-Roth: Dicshimnusz a k\u00e9znek \u00e9s a fon\u00e1lnak c\u00edm\u0171 ki\u00e1ll\u00edt\u00e1s\u00e1nak befejez\u00e9se el\u0151tt, a m\u0171v\u00e9szn\u0151 <strong>2022. m\u00e1rcius 4-\u00e9n, p\u00e9nteken, 18.00 \u00f3r\u00e1kor<\/strong> t\u00e1rlatvezet\u00e9st tart a lendvai zsinag\u00f3g\u00e1ban.<\/p>\n<p>Mindenkit szeretettel v\u00e1runk!<\/p>\n<p>&nbsp;<\/p>\n","protected":false},"excerpt":{"rendered":"<p>Marika Dan\u010d-Roth: Dicshimnusz a k\u00e9znek \u00e9s a fon\u00e1lnak c\u00edm\u0171 ki\u00e1ll\u00edt\u00e1s\u00e1nak befejez\u00e9se el\u0151tt, a m\u0171v\u00e9szn\u0151 2022. m\u00e1rcius 4-\u00e9n, p\u00e9nteken, 18.00 \u00f3r\u00e1kor t\u00e1rlatvezet\u00e9st tart a lendvai zsinag\u00f3g\u00e1ban. <a href=\"https:\/\/www.gml.si\/hu\/tarlatvezetes-a-marika-danc-roth-dicshimnusz-a-keznek-es-a-fonalnak-cimu-kiallitason-keresztul\/\"><\/p>\n<p>B\u0151vebben <span class=\"meta-nav\">\u2192<\/span><\/a><\/p>\n","protected":false},"author":5,"featured_media":14668,"comment_status":"closed","ping_status":"closed","sticky":false,"template":"","format":"standard","meta":{"inline_featured_image":false,"footnotes":""},"categories":[58],"tags":[],"class_list":["post-14671","post","type-post","status-publish","format-standard","has-post-thumbnail","hentry","category-hirek"],"_links":{"self":[{"href":"https:\/\/www.gml.si\/hu\/wp-json\/wp\/v2\/posts\/14671","targetHints":{"allow":["GET"]}}],"collection":[{"href":"https:\/\/www.gml.si\/hu\/wp-json\/wp\/v2\/posts"}],"about":[{"href":"https:\/\/www.gml.si\/hu\/wp-json\/wp\/v2\/types\/post"}],"author":[{"embeddable":true,"href":"https:\/\/www.gml.si\/hu\/wp-json\/wp\/v2\/users\/5"}],"replies":[{"embeddable":true,"href":"https:\/\/www.gml.si\/hu\/wp-json\/wp\/v2\/comments?post=14671"}],"version-history":[{"count":0,"href":"https:\/\/www.gml.si\/hu\/wp-json\/wp\/v2\/posts\/14671\/revisions"}],"wp:featuredmedia":[{"embeddable":true,"href":"https:\/\/www.gml.si\/hu\/wp-json\/wp\/v2\/media\/14668"}],"wp:attachment":[{"href":"https:\/\/www.gml.si\/hu\/wp-json\/wp\/v2\/media?parent=14671"}],"wp:term":[{"taxonomy":"category","embeddable":true,"href":"https:\/\/www.gml.si\/hu\/wp-json\/wp\/v2\/categories?post=14671"},{"taxonomy":"post_tag","embeddable":true,"href":"https:\/\/www.gml.si\/hu\/wp-json\/wp\/v2\/tags?post=14671"}],"curies":[{"name":"wp","href":"https:\/\/api.w.org\/{rel}","templated":true}]}}