{"id":14854,"date":"2022-05-11T13:33:13","date_gmt":"2022-05-11T11:33:13","guid":{"rendered":"https:\/\/www.gml.si\/?p=14854"},"modified":"2022-05-21T08:45:49","modified_gmt":"2022-05-21T06:45:49","slug":"csodalatos-a-ter-megnyilt","status":"publish","type":"post","link":"https:\/\/www.gml.si\/hu\/csodalatos-a-ter-megnyilt\/","title":{"rendered":"CSOD\u00c1LATOS. A T\u00c9R MEGNY\u00cdLT."},"content":{"rendered":"<p><a href=\"https:\/\/www.gml.si\/wp-content\/uploads\/2022\/05\/krasno_prostor_je_zaprt.jpg\" data-lbwps-width=\"1490\" data-lbwps-height=\"1464\" data-lbwps-srcsmall=\"https:\/\/www.gml.si\/wp-content\/uploads\/2022\/05\/krasno_prostor_je_zaprt-500x491.jpg\"><img loading=\"lazy\" decoding=\"async\" class=\"alignnone size-large wp-image-14852\" src=\"https:\/\/www.gml.si\/wp-content\/uploads\/2022\/05\/krasno_prostor_je_zaprt-1024x1006.jpg\" alt=\"\" width=\"1024\" height=\"1006\" srcset=\"https:\/\/www.gml.si\/wp-content\/uploads\/2022\/05\/krasno_prostor_je_zaprt-1024x1006.jpg 1024w, https:\/\/www.gml.si\/wp-content\/uploads\/2022\/05\/krasno_prostor_je_zaprt-500x491.jpg 500w, https:\/\/www.gml.si\/wp-content\/uploads\/2022\/05\/krasno_prostor_je_zaprt.jpg 1490w\" sizes=\"auto, (max-width: 1024px) 100vw, 1024px\" \/><\/a><\/p>\n<p>Minden kedves \u00e9rdekl\u0151d\u0151t tisztelettel v\u00e1runk az \u201eA l\u00e1that\u00f3n t\u00fal \u2013 Enteri\u0151r\u00f6k a vil\u00e1gj\u00e1rv\u00e1ny idej\u00e9ben\u201d c\u00edm\u0171 ki\u00e1ll\u00edt\u00e1s lez\u00e1r\u00e1sak\u00e9nt szervezett t\u00e1rsas\u00e1gi esem\u00e9nyre. A ki\u00e1ll\u00edt\u00e1s keret\u00e9ben Katju\u0161a Kranjc \u00e9s Rok Kuhar saj\u00e1t projektjeiken kereszt\u00fcl mutatt\u00e1k be gondolataikat az enteri\u0151r\u00f6k term\u00e9szet\u00e9r\u0151l \u00e9s szerep\u00e9r\u0151l az \u00e1ltal\u00e1nos bez\u00e1rts\u00e1g idej\u00e9ben.<\/p>\n<p><strong>2022. m\u00e1jus 13-\u00e1n, p\u00e9nteken, 19.00 \u00f3rakor a lendvai v\u00e1rban<\/strong><\/p>\n<p>A z\u00e1r\u00f3rendezv\u00e9ny nem csak k\u00e1rp\u00f3tl\u00e1s a megszokott, azonban a pand\u00e9mia k\u00f6vetkezt\u00e9ben elmaradt ki\u00e1ll\u00edt\u00e1smegnyit\u00f3\u00e9rt, hanem egy nagyszer\u0171 lehet\u0151s\u00e9g mindannyiunk sz\u00e1m\u00e1ra a tal\u00e1lkoz\u00e1sra \u00e9s a ki\u00e1ll\u00edt\u00e1s lehet\u0151 legszebb meg\u00e9l\u00e9s\u00e9re.<\/p>\n<p>\u00d6r\u00fcln\u00e9nk \u00e9s megtiszteltet\u00e9snek venn\u00e9nk, ha vel\u00fcnk t\u00f6lten\u00e9 ezt a kellemes est\u00e9t.<\/p>\n","protected":false},"excerpt":{"rendered":"<p>Minden kedves \u00e9rdekl\u0151d\u0151t tisztelettel v\u00e1runk az \u201eA l\u00e1that\u00f3n t\u00fal \u2013 Enteri\u0151r\u00f6k a vil\u00e1gj\u00e1rv\u00e1ny idej\u00e9ben\u201d c\u00edm\u0171 ki\u00e1ll\u00edt\u00e1s lez\u00e1r\u00e1sak\u00e9nt szervezett t\u00e1rsas\u00e1gi esem\u00e9nyre. A ki\u00e1ll\u00edt\u00e1s keret\u00e9ben Katju\u0161a Kranjc \u00e9s Rok Kuhar saj\u00e1t projektjeiken kereszt\u00fcl mutatt\u00e1k be gondolataikat az enteri\u0151r\u00f6k term\u00e9szet\u00e9r\u0151l \u00e9s szerep\u00e9r\u0151l az \u00e1ltal\u00e1nos bez\u00e1rts\u00e1g idej\u00e9ben.<\/p>\n<p><strong>2022. m\u00e1jus 13-\u00e1n, p\u00e9nteken, 19.00 \u00f3rakor a lendvai v\u00e1rban<\/strong> <a href=\"https:\/\/www.gml.si\/hu\/csodalatos-a-ter-megnyilt\/\"><\/p>\n<p>B\u0151vebben <span class=\"meta-nav\">\u2192<\/span><\/a><\/p>\n","protected":false},"author":5,"featured_media":14852,"comment_status":"closed","ping_status":"closed","sticky":false,"template":"","format":"standard","meta":{"inline_featured_image":false,"footnotes":""},"categories":[58],"tags":[],"class_list":["post-14854","post","type-post","status-publish","format-standard","has-post-thumbnail","hentry","category-hirek"],"_links":{"self":[{"href":"https:\/\/www.gml.si\/hu\/wp-json\/wp\/v2\/posts\/14854","targetHints":{"allow":["GET"]}}],"collection":[{"href":"https:\/\/www.gml.si\/hu\/wp-json\/wp\/v2\/posts"}],"about":[{"href":"https:\/\/www.gml.si\/hu\/wp-json\/wp\/v2\/types\/post"}],"author":[{"embeddable":true,"href":"https:\/\/www.gml.si\/hu\/wp-json\/wp\/v2\/users\/5"}],"replies":[{"embeddable":true,"href":"https:\/\/www.gml.si\/hu\/wp-json\/wp\/v2\/comments?post=14854"}],"version-history":[{"count":0,"href":"https:\/\/www.gml.si\/hu\/wp-json\/wp\/v2\/posts\/14854\/revisions"}],"wp:featuredmedia":[{"embeddable":true,"href":"https:\/\/www.gml.si\/hu\/wp-json\/wp\/v2\/media\/14852"}],"wp:attachment":[{"href":"https:\/\/www.gml.si\/hu\/wp-json\/wp\/v2\/media?parent=14854"}],"wp:term":[{"taxonomy":"category","embeddable":true,"href":"https:\/\/www.gml.si\/hu\/wp-json\/wp\/v2\/categories?post=14854"},{"taxonomy":"post_tag","embeddable":true,"href":"https:\/\/www.gml.si\/hu\/wp-json\/wp\/v2\/tags?post=14854"}],"curies":[{"name":"wp","href":"https:\/\/api.w.org\/{rel}","templated":true}]}}