{"id":14917,"date":"2022-05-24T15:01:45","date_gmt":"2022-05-24T13:01:45","guid":{"rendered":"https:\/\/www.gml.si\/?p=14917"},"modified":"2022-05-24T15:01:45","modified_gmt":"2022-05-24T13:01:45","slug":"tarlatvezetes-franc-mesaric-kiallitasan-keresztul-a-zsinagogaban","status":"publish","type":"post","link":"https:\/\/www.gml.si\/hu\/tarlatvezetes-franc-mesaric-kiallitasan-keresztul-a-zsinagogaban\/","title":{"rendered":"T\u00e1rlatvezet\u00e9s Franc Mesari\u010d ki\u00e1ll\u00edt\u00e1s\u00e1n kereszt\u00fcl a zsinag\u00f3gaban"},"content":{"rendered":"<p>Szeretettel v\u00e1rjuk \u00d6n\u00f6ket Franc Mesari\u010d: Festm\u00e9nyek \u00e9s pap\u00edrra k\u00e9sz\u00fclt alkot\u00e1sok a Muraszombati Gal\u00e9ria, valamint a Lendvai Gal\u00e9ria \u00e9s M\u00fazeum gy\u0171jtem\u00e9nyeib\u0151l c. ki\u00e1ll\u00edt\u00e1sunk ingyenes t\u00e1rlatvezet\u00e9s\u00e9re*, amely <strong>2022. m\u00e1jus 26-\u00e1n, cs\u00fct\u00f6rt\u00f6k\u00f6n 19.00 \u00f3rakor<\/strong> lesz a lendvai zsinag\u00f3g\u00e1ban.<\/p>\n<p>A m\u0171v\u00e9szt \u00e9s alkot\u00e1sait <em>dr. Robert Inhof<\/em>, a ki\u00e1ll\u00edt\u00e1s kur\u00e1tora mutatja be.<\/p>\n<p><em>*A t\u00e1rlatvezet\u00e9s szlov\u00e9n nyelven zajlik.<\/em><\/p>\n<p><a href=\"https:\/\/www.gml.si\/wp-content\/uploads\/2022\/05\/Vabilo_Meghivo_FRANC_MESARIC_vodstvo_po_razstavi_splet.jpg\" data-lbwps-width=\"2000\" data-lbwps-height=\"1414\" data-lbwps-srcsmall=\"https:\/\/www.gml.si\/wp-content\/uploads\/2022\/05\/Vabilo_Meghivo_FRANC_MESARIC_vodstvo_po_razstavi_splet-500x354.jpg\"><img loading=\"lazy\" decoding=\"async\" class=\"alignleft wp-image-14915 size-large\" src=\"https:\/\/www.gml.si\/wp-content\/uploads\/2022\/05\/Vabilo_Meghivo_FRANC_MESARIC_vodstvo_po_razstavi_splet-1024x724.jpg\" alt=\"\" width=\"1024\" height=\"724\" srcset=\"https:\/\/www.gml.si\/wp-content\/uploads\/2022\/05\/Vabilo_Meghivo_FRANC_MESARIC_vodstvo_po_razstavi_splet-1024x724.jpg 1024w, https:\/\/www.gml.si\/wp-content\/uploads\/2022\/05\/Vabilo_Meghivo_FRANC_MESARIC_vodstvo_po_razstavi_splet-500x354.jpg 500w, https:\/\/www.gml.si\/wp-content\/uploads\/2022\/05\/Vabilo_Meghivo_FRANC_MESARIC_vodstvo_po_razstavi_splet.jpg 2000w\" sizes=\"auto, (max-width: 1024px) 100vw, 1024px\" \/><\/a><\/p>\n","protected":false},"excerpt":{"rendered":"<p>Szeretettel v\u00e1rjuk \u00d6n\u00f6ket Franc Mesari\u010d: Festm\u00e9nyek \u00e9s pap\u00edrra k\u00e9sz\u00fclt alkot\u00e1sok a Muraszombati Gal\u00e9ria, valamint a Lendvai Gal\u00e9ria \u00e9s M\u00fazeum gy\u0171jtem\u00e9nyeib\u0151l c. ki\u00e1ll\u00edt\u00e1sunk ingyenes t\u00e1rlatvezet\u00e9s\u00e9re*, amely <strong>2022. m\u00e1jus 26-\u00e1n, cs\u00fct\u00f6rt\u00f6k\u00f6n 19.00 \u00f3rakor<\/strong> lesz a lendvai zsinag\u00f3g\u00e1ban.<\/p>\n<p>A m\u0171v\u00e9szt \u00e9s alkot\u00e1sait <em>dr. Robert Inhof<\/em>, a ki\u00e1ll\u00edt\u00e1s kur\u00e1tora mutatja be. <a href=\"https:\/\/www.gml.si\/hu\/tarlatvezetes-franc-mesaric-kiallitasan-keresztul-a-zsinagogaban\/\"><\/p>\n<p>B\u0151vebben <span class=\"meta-nav\">\u2192<\/span><\/a><\/p>\n","protected":false},"author":5,"featured_media":14710,"comment_status":"closed","ping_status":"closed","sticky":false,"template":"","format":"standard","meta":{"inline_featured_image":false,"footnotes":""},"categories":[58],"tags":[],"class_list":["post-14917","post","type-post","status-publish","format-standard","has-post-thumbnail","hentry","category-hirek"],"_links":{"self":[{"href":"https:\/\/www.gml.si\/hu\/wp-json\/wp\/v2\/posts\/14917","targetHints":{"allow":["GET"]}}],"collection":[{"href":"https:\/\/www.gml.si\/hu\/wp-json\/wp\/v2\/posts"}],"about":[{"href":"https:\/\/www.gml.si\/hu\/wp-json\/wp\/v2\/types\/post"}],"author":[{"embeddable":true,"href":"https:\/\/www.gml.si\/hu\/wp-json\/wp\/v2\/users\/5"}],"replies":[{"embeddable":true,"href":"https:\/\/www.gml.si\/hu\/wp-json\/wp\/v2\/comments?post=14917"}],"version-history":[{"count":0,"href":"https:\/\/www.gml.si\/hu\/wp-json\/wp\/v2\/posts\/14917\/revisions"}],"wp:featuredmedia":[{"embeddable":true,"href":"https:\/\/www.gml.si\/hu\/wp-json\/wp\/v2\/media\/14710"}],"wp:attachment":[{"href":"https:\/\/www.gml.si\/hu\/wp-json\/wp\/v2\/media?parent=14917"}],"wp:term":[{"taxonomy":"category","embeddable":true,"href":"https:\/\/www.gml.si\/hu\/wp-json\/wp\/v2\/categories?post=14917"},{"taxonomy":"post_tag","embeddable":true,"href":"https:\/\/www.gml.si\/hu\/wp-json\/wp\/v2\/tags?post=14917"}],"curies":[{"name":"wp","href":"https:\/\/api.w.org\/{rel}","templated":true}]}}