{"id":14987,"date":"2022-06-13T20:50:58","date_gmt":"2022-06-13T18:50:58","guid":{"rendered":"https:\/\/www.gml.si\/?p=14987"},"modified":"2022-06-18T14:48:30","modified_gmt":"2022-06-18T12:48:30","slug":"muzeumok-ejszakaja-2022","status":"publish","type":"post","link":"https:\/\/www.gml.si\/hu\/muzeumok-ejszakaja-2022\/","title":{"rendered":"M\u00fazeumok \u00e9jszak\u00e1ja 2022"},"content":{"rendered":"<p><a href=\"https:\/\/www.gml.si\/wp-content\/uploads\/2022\/06\/poletna_muzejska_noc2022.jpg\" data-lbwps-width=\"2048\" data-lbwps-height=\"1357\" data-lbwps-srcsmall=\"https:\/\/www.gml.si\/wp-content\/uploads\/2022\/06\/poletna_muzejska_noc2022-500x331.jpg\"><img loading=\"lazy\" decoding=\"async\" class=\"alignnone size-large wp-image-15005\" src=\"https:\/\/www.gml.si\/wp-content\/uploads\/2022\/06\/poletna_muzejska_noc2022-1024x679.jpg\" alt=\"\" width=\"1024\" height=\"679\" srcset=\"https:\/\/www.gml.si\/wp-content\/uploads\/2022\/06\/poletna_muzejska_noc2022-1024x679.jpg 1024w, https:\/\/www.gml.si\/wp-content\/uploads\/2022\/06\/poletna_muzejska_noc2022-500x331.jpg 500w, https:\/\/www.gml.si\/wp-content\/uploads\/2022\/06\/poletna_muzejska_noc2022.jpg 2048w\" sizes=\"auto, (max-width: 1024px) 100vw, 1024px\" \/><\/a><\/p>\n<p>Szeretettel megh\u00edvjuk \u00d6n\u00f6ket a M\u00fazeumok \u00c9jszak\u00e1j\u00e1ra, amelyet <strong>2022. j\u00fanius 18-\u00e1n<\/strong> este hat \u00f3r\u00e1t\u00f3l \u00e9jf\u00e9lig tartunk a Lendvai V\u00e1rban.<\/p>\n<p><a href=\"https:\/\/www.gml.si\/wp-content\/uploads\/2022\/06\/LetakA4_PMN_splet.jpg\" data-lbwps-width=\"2480\" data-lbwps-height=\"3503\" data-lbwps-srcsmall=\"https:\/\/www.gml.si\/wp-content\/uploads\/2022\/06\/LetakA4_PMN_splet.jpg\"><img loading=\"lazy\" decoding=\"async\" class=\"alignright wp-image-14983 size-medium\" src=\"https:\/\/www.gml.si\/wp-content\/uploads\/2022\/06\/LetakA4_PMN_splet-scaled-354x500.jpg\" alt=\"\" width=\"354\" height=\"500\" srcset=\"https:\/\/www.gml.si\/wp-content\/uploads\/2022\/06\/LetakA4_PMN_splet-scaled-354x500.jpg 354w, https:\/\/www.gml.si\/wp-content\/uploads\/2022\/06\/LetakA4_PMN_splet-scaled-725x1024.jpg 725w, https:\/\/www.gml.si\/wp-content\/uploads\/2022\/06\/LetakA4_PMN_splet-scaled.jpg 1812w\" sizes=\"auto, (max-width: 354px) 100vw, 354px\" \/><\/a>Program:<\/p>\n<p><strong>18.00\u201224.00<\/strong><br \/>\nIngyenesen megtekinthet\u0151k a lendvai v\u00e1rban l\u00e1that\u00f3 ki\u00e1ll\u00edt\u00e1sok<\/p>\n<p><strong>18.00<\/strong><br \/>\nGali\u010d \u0160tefan foglyul ejtett lepk\u00e9je,<br \/>\na Kaleido egyes\u00fclet gyermekfoglalkoz\u00e1sa<\/p>\n<p><strong>19.00<\/strong><br \/>\n<a href=\"https:\/\/www.gml.si\/hu\/kiallitas-kristina-rutar-vanitas\/\">Kristina Rutar: Vanitas<\/a>,<br \/>\nk\u00e9pz\u0151m\u0171v\u00e9szeti ki\u00e1ll\u00edt\u00e1s megnyit\u00f3ja<\/p>\n<p>Performance: Muzika\u010daka \u00e9s nosferatu3285<\/p>\n<p><strong>20.00<\/strong><br \/>\nMultikultur\u00e1lis vid\u00e9k,<br \/>\n\u00e1lland\u00f3 n\u00e9prajzi ki\u00e1ll\u00edt\u00e1sok megnyit\u00f3ja<\/p>\n<p><strong>21.00<\/strong><br \/>\nDu\u0161an Stojanovi\u0107 git\u00e1ros koncertje<\/p>\n","protected":false},"excerpt":{"rendered":"<p>Szeretettel megh\u00edvjuk \u00d6n\u00f6ket a M\u00fazeumok \u00c9jszak\u00e1j\u00e1ra, amelyet <strong>2022. j\u00fanius 18-\u00e1n<\/strong> este hat \u00f3r\u00e1t\u00f3l \u00e9jf\u00e9lig tartunk a Lendvai V\u00e1rban. <a href=\"https:\/\/www.gml.si\/hu\/muzeumok-ejszakaja-2022\/\"><\/p>\n<p>B\u0151vebben <span class=\"meta-nav\">\u2192<\/span><\/a><\/p>\n","protected":false},"author":5,"featured_media":15005,"comment_status":"closed","ping_status":"closed","sticky":false,"template":"","format":"standard","meta":{"inline_featured_image":false,"footnotes":""},"categories":[58],"tags":[],"class_list":["post-14987","post","type-post","status-publish","format-standard","has-post-thumbnail","hentry","category-hirek"],"_links":{"self":[{"href":"https:\/\/www.gml.si\/hu\/wp-json\/wp\/v2\/posts\/14987","targetHints":{"allow":["GET"]}}],"collection":[{"href":"https:\/\/www.gml.si\/hu\/wp-json\/wp\/v2\/posts"}],"about":[{"href":"https:\/\/www.gml.si\/hu\/wp-json\/wp\/v2\/types\/post"}],"author":[{"embeddable":true,"href":"https:\/\/www.gml.si\/hu\/wp-json\/wp\/v2\/users\/5"}],"replies":[{"embeddable":true,"href":"https:\/\/www.gml.si\/hu\/wp-json\/wp\/v2\/comments?post=14987"}],"version-history":[{"count":0,"href":"https:\/\/www.gml.si\/hu\/wp-json\/wp\/v2\/posts\/14987\/revisions"}],"wp:featuredmedia":[{"embeddable":true,"href":"https:\/\/www.gml.si\/hu\/wp-json\/wp\/v2\/media\/15005"}],"wp:attachment":[{"href":"https:\/\/www.gml.si\/hu\/wp-json\/wp\/v2\/media?parent=14987"}],"wp:term":[{"taxonomy":"category","embeddable":true,"href":"https:\/\/www.gml.si\/hu\/wp-json\/wp\/v2\/categories?post=14987"},{"taxonomy":"post_tag","embeddable":true,"href":"https:\/\/www.gml.si\/hu\/wp-json\/wp\/v2\/tags?post=14987"}],"curies":[{"name":"wp","href":"https:\/\/api.w.org\/{rel}","templated":true}]}}