{"id":15124,"date":"2022-07-29T10:23:52","date_gmt":"2022-07-29T08:23:52","guid":{"rendered":"https:\/\/www.gml.si\/?p=15124"},"modified":"2022-07-29T10:24:52","modified_gmt":"2022-07-29T08:24:52","slug":"rovidfilmek-bogracsa-2022-augusztus-5-%e2%80%927","status":"publish","type":"post","link":"https:\/\/www.gml.si\/hu\/rovidfilmek-bogracsa-2022-augusztus-5-%e2%80%927\/","title":{"rendered":"R\u00f6vidfilmek bogr\u00e1csa (2022. augusztus 5.\u20127.)"},"content":{"rendered":"<p><a href=\"https:\/\/www.gml.si\/wp-content\/uploads\/2022\/07\/bograc_kratkih_filmov.jpg\" data-lbwps-width=\"2048\" data-lbwps-height=\"1072\" data-lbwps-srcsmall=\"https:\/\/www.gml.si\/wp-content\/uploads\/2022\/07\/bograc_kratkih_filmov-500x262.jpg\"><img loading=\"lazy\" decoding=\"async\" class=\"alignnone size-large wp-image-15112\" src=\"https:\/\/www.gml.si\/wp-content\/uploads\/2022\/07\/bograc_kratkih_filmov-1024x536.jpg\" alt=\"\" width=\"1024\" height=\"536\" srcset=\"https:\/\/www.gml.si\/wp-content\/uploads\/2022\/07\/bograc_kratkih_filmov-1024x536.jpg 1024w, https:\/\/www.gml.si\/wp-content\/uploads\/2022\/07\/bograc_kratkih_filmov-500x262.jpg 500w, https:\/\/www.gml.si\/wp-content\/uploads\/2022\/07\/bograc_kratkih_filmov.jpg 2048w\" sizes=\"auto, (max-width: 1024px) 100vw, 1024px\" \/><\/a><\/p>\n<p>A R\u00f6vidfilmek bogr\u00e1csa ism\u00e9t itthon van, a lendvai ny\u00e1ri est\u00e9k a filmes produkci\u00f3kkal \u00fajra soksz\u00edn\u0171bb\u00e9 v\u00e1lnak.<\/p>\n<p>A programot \u00e9kes\u00edtik a filmalkot\u00f3kkal vezetett besz\u00e9lget\u00e9sek \u2013 Lendv\u00e1ra az id\u00e9n a t\u00f6r\u00f6k Ugurlu Murat filmrendez\u0151 \u00e9rkezik, aki az elismert \u0141\u00f3d\u017a lengyel iskol\u00e1n v\u00e9gzett a filmrendez\u00e9s szakon, tov\u00e1bb\u00e1 az osztr\u00e1k Enzi Dominik, aki pillanatnyilag B\u00e9csben alkot, valamint a szlov\u00e9n A vihar alkot\u00f3i, ami a Temporama produkci\u00f3 alatt val\u00f3sult meg.<\/p>\n<p>V\u00e1rjuk \u00d6n\u00f6ket a v\u00e1logatott r\u00f6vidfilmek h\u00e9tv\u00e9g\u00e9re, az \u00e9lm\u00e9nyt a Lavina KK Lendva K\u00f6zs\u00e9g t\u00e1mogat\u00e1s\u00e1val teszi let\u0151v\u00e9.<\/p>\n<p><strong>[wp-svg-icons icon=&#8221;calendar&#8221; wrap=&#8221;i&#8221;] 2022. augustus 5\u20127. [wp-svg-icons icon=&#8221;clock-2&#8243; wrap=&#8221;i&#8221;] 21.00<\/strong> [wp-svg-icons icon=&#8221;location-2&#8243; wrap=&#8221;i&#8221;] Lendvai v\u00e1r [wp-svg-icons icon=&#8221;ticket&#8221; wrap=&#8221;i&#8221;] d\u00edjtalan<\/p>\n<hr \/>\n<p>P R O G R A M<\/p>\n<p><strong>augusztus 5. p\u00e9ntek [wp-svg-icons icon=&#8221;clock-2&#8243; wrap=&#8221;i&#8221;] 21.00<\/strong><br \/>\nBabi\u010dino seksualno \u017eivljenje<br \/>\nTemple<br \/>\nEmergency exit<br \/>\nS\u010dasoma<\/p>\n<p><strong>augusztus 6. szombat [wp-svg-icons icon=&#8221;clock-2&#8243; wrap=&#8221;i&#8221;] 21.00<\/strong><br \/>\nPostcards from the end of the world<br \/>\nNajtopliji dani leta<br \/>\nDel\u010dki<br \/>\nBranka<\/p>\n<p><strong>augusztus 7. vas\u00e1rnap [wp-svg-icons icon=&#8221;clock-2&#8243; wrap=&#8221;i&#8221;] 21.00<\/strong><br \/>\nNevihta<br \/>\nCollectors<br \/>\nVagabond<br \/>\nSestre<\/p>\n<hr \/>\n<p>K A P C S O L A T O K<\/p>\n<p>[wp-svg-icons icon=&#8221;facebook-3&#8243; wrap=&#8221;i&#8221;]\u00a0<a href=\"https:\/\/www.facebook.com\/bograckratkihfilmov\">https:\/\/www.facebook.com\/bograckratkihfilmov<\/a><br \/>\n[wp-svg-icons icon=&#8221;facebook-3&#8243; wrap=&#8221;i&#8221;]\u00a0<a href=\"https:\/\/www.facebook.com\/events\/1536779733404165\">https:\/\/www.facebook.com\/events\/1536779733404165<\/a><br \/>\n[wp-svg-icons icon=&#8221;link&#8221; wrap=&#8221;i&#8221;] <a href=\"http:\/\/lendavainfo.com\/kud-lavina-s-podporo-obcine-lendava-letos-ponovno-prireja-buticni-filmski-festival-bograc-kratkih-filmov\/\">Lendavainfo: KUD Lavina s podporo Ob\u010dine Lendava letos ponovno prireja buti\u010dni filmski festival Bogra\u010d kratkih filmov<\/a><\/p>\n<hr \/>\n<p><em><span style=\"font-size: 12px;\">A szervez\u0151k a v\u00e1ltoztat\u00e1s jog\u00e1t fenntartj\u00e1k.<\/span><\/em><\/p>\n<p><span style=\"font-size: 12px;\">Organizator\/Szervez\u0151: KUD Lavina\/KK Lavina<\/span><br \/>\n<span style=\"font-size: 12px;\">Financer\/Finansz\u00edroz\u00f3: Ob\u010dina Lendava\/Lendva k\u00f6zs\u00e9g<\/span><br \/>\n<span style=\"font-size: 12px;\">Partnerji in podporniki\/Partnerek \u00e9s t\u00e1mogat\u00f3k: Galerija-muzej Lendava\/Gal\u00e9ria-m\u00fazeum Lendva, KKC Lendava\/Lendvai KKK, Baza slovenskih filmov, Slovenski filmski center, MMR, Hidak, N\u00e9p\u00fajs\u00e1g, MNMI\/ZKMN, Lendva K\u00f6zs\u00e9gi Magyar Nemzeti \u00d6nkorm\u00e1nyzat K\u00f6z\u00f6ss\u00e9g\/Mad\u017earska samoupravna narodna skupnost ob\u010dine Lendava, Bethlen G\u00e1bor Alap, JSKD, Digifot<\/span><\/p>\n","protected":false},"excerpt":{"rendered":"<p>A R\u00f6vidfilmek bogr\u00e1csa ism\u00e9t itthon van, a lendvai ny\u00e1ri est\u00e9k a filmes produkci\u00f3kkal \u00fajra soksz\u00edn\u0171bb\u00e9 v\u00e1lnak. V\u00e1rjuk \u00d6n\u00f6ket a v\u00e1logatott r\u00f6vidfilmek h\u00e9tv\u00e9g\u00e9re, az \u00e9lm\u00e9nyt a Lavina KK Lendva K\u00f6zs\u00e9g t\u00e1mogat\u00e1s\u00e1val teszi let\u0151v\u00e9. <a href=\"https:\/\/www.gml.si\/hu\/rovidfilmek-bogracsa-2022-augusztus-5-%e2%80%927\/\"><\/p>\n<p>B\u0151vebben <span class=\"meta-nav\">\u2192<\/span><\/a><\/p>\n","protected":false},"author":5,"featured_media":15112,"comment_status":"closed","ping_status":"closed","sticky":false,"template":"","format":"standard","meta":{"inline_featured_image":false,"footnotes":""},"categories":[58],"tags":[],"class_list":["post-15124","post","type-post","status-publish","format-standard","has-post-thumbnail","hentry","category-hirek"],"_links":{"self":[{"href":"https:\/\/www.gml.si\/hu\/wp-json\/wp\/v2\/posts\/15124","targetHints":{"allow":["GET"]}}],"collection":[{"href":"https:\/\/www.gml.si\/hu\/wp-json\/wp\/v2\/posts"}],"about":[{"href":"https:\/\/www.gml.si\/hu\/wp-json\/wp\/v2\/types\/post"}],"author":[{"embeddable":true,"href":"https:\/\/www.gml.si\/hu\/wp-json\/wp\/v2\/users\/5"}],"replies":[{"embeddable":true,"href":"https:\/\/www.gml.si\/hu\/wp-json\/wp\/v2\/comments?post=15124"}],"version-history":[{"count":0,"href":"https:\/\/www.gml.si\/hu\/wp-json\/wp\/v2\/posts\/15124\/revisions"}],"wp:featuredmedia":[{"embeddable":true,"href":"https:\/\/www.gml.si\/hu\/wp-json\/wp\/v2\/media\/15112"}],"wp:attachment":[{"href":"https:\/\/www.gml.si\/hu\/wp-json\/wp\/v2\/media?parent=15124"}],"wp:term":[{"taxonomy":"category","embeddable":true,"href":"https:\/\/www.gml.si\/hu\/wp-json\/wp\/v2\/categories?post=15124"},{"taxonomy":"post_tag","embeddable":true,"href":"https:\/\/www.gml.si\/hu\/wp-json\/wp\/v2\/tags?post=15124"}],"curies":[{"name":"wp","href":"https:\/\/api.w.org\/{rel}","templated":true}]}}