{"id":15163,"date":"2022-09-02T14:19:53","date_gmt":"2022-09-02T12:19:53","guid":{"rendered":"https:\/\/www.gml.si\/?p=15163"},"modified":"2022-09-02T14:22:16","modified_gmt":"2022-09-02T12:22:16","slug":"szakmai-kirandulas-a-ketnyelvu-altalanos-iskolak-tanuloi-reszere-zala-gyorgy-nyomdokain","status":"publish","type":"post","link":"https:\/\/www.gml.si\/hu\/szakmai-kirandulas-a-ketnyelvu-altalanos-iskolak-tanuloi-reszere-zala-gyorgy-nyomdokain\/","title":{"rendered":"Szakmai kir\u00e1ndul\u00e1s a k\u00e9tnyelv\u0171 \u00e1ltal\u00e1nos iskol\u00e1k tanul\u00f3i r\u00e9sz\u00e9re: Zala Gy\u00f6rgy nyomdokain"},"content":{"rendered":"<p><a href=\"https:\/\/www.gml.si\/wp-content\/uploads\/2022\/09\/zala35223.jpg\" data-lbwps-width=\"900\" data-lbwps-height=\"1200\" data-lbwps-srcsmall=\"https:\/\/www.gml.si\/wp-content\/uploads\/2022\/09\/zala35223-375x500.jpg\"><img loading=\"lazy\" decoding=\"async\" class=\"alignright wp-image-15158\" src=\"https:\/\/www.gml.si\/wp-content\/uploads\/2022\/09\/zala35223-375x500.jpg\" alt=\"\" width=\"200\" height=\"267\" srcset=\"https:\/\/www.gml.si\/wp-content\/uploads\/2022\/09\/zala35223-375x500.jpg 375w, https:\/\/www.gml.si\/wp-content\/uploads\/2022\/09\/zala35223-768x1024.jpg 768w, https:\/\/www.gml.si\/wp-content\/uploads\/2022\/09\/zala35223.jpg 900w\" sizes=\"auto, (max-width: 200px) 100vw, 200px\" \/><\/a>A Gal\u00e9ria-M\u00fazeum a Lendva K\u00f6zs\u00e9gi Magyar Nemzetis\u00e9gi \u00d6nkorm\u00e1nyzati K\u00f6z\u00f6ss\u00e9ggel \u00e9s a Muravid\u00e9ki Magyar \u00d6nkorm\u00e1nyzati Nemzeti K\u00f6z\u00f6ss\u00e9ggel kar\u00f6ltve szervezte meg azt a tehets\u00e9ggondoz\u00f3 napot, amely keret\u00e9ben a k\u00e9tnyelv\u0171 iskol\u00e1k 6\u20139. oszt\u00e1lyos tanul\u00f3i Budapesten ismerkedhettek meg <strong>Zala Gy\u00f6rgy<\/strong> alkot\u00e1saival.<\/p>\n<p>A kir\u00e1ndul\u00e1s szakmai vezet\u0151je Pisnjak Atilla, a GML m\u00fazeol\u00f3gusa volt.<\/p>\n<p><span style=\"font-size: 12px;\">Fot\u00f3k forr\u00e1sa: N\u00e9p\u00fajs\u00e1g (MNTI)<\/span><\/p>\n<p><a href=\"https:\/\/www.gml.si\/wp-content\/uploads\/2022\/09\/zala35221.jpg\" data-lbwps-width=\"900\" data-lbwps-height=\"675\" data-lbwps-srcsmall=\"https:\/\/www.gml.si\/wp-content\/uploads\/2022\/09\/zala35221-500x375.jpg\"><img loading=\"lazy\" decoding=\"async\" class=\"alignnone size-large wp-image-15155\" src=\"https:\/\/www.gml.si\/wp-content\/uploads\/2022\/09\/zala35221-900x675.jpg\" alt=\"\" width=\"900\" height=\"675\" srcset=\"https:\/\/www.gml.si\/wp-content\/uploads\/2022\/09\/zala35221.jpg 900w, https:\/\/www.gml.si\/wp-content\/uploads\/2022\/09\/zala35221-500x375.jpg 500w\" sizes=\"auto, (max-width: 900px) 100vw, 900px\" \/><\/a><\/p>\n<p>Kapcsolat:<br \/>\n[wp-svg-icons icon=&#8221;link&#8221; wrap=&#8221;i&#8221;] <a href=\"https:\/\/www.nepujsag.net\/10-nepujsag-online\/12877-zala-gy%C3%B6rgy-nyomdokain.html\">Zala Gy\u00f6rgy nyomdokain<\/a> (N\u00e9p\u00fajs\u00e1g, 2022. 8. 30.)<\/p>\n","protected":false},"excerpt":{"rendered":"<p>A Gal\u00e9ria-M\u00fazeum a Lendva K\u00f6zs\u00e9gi Magyar Nemzetis\u00e9gi \u00d6nkorm\u00e1nyzati K\u00f6z\u00f6ss\u00e9ggel \u00e9s a Muravid\u00e9ki Magyar \u00d6nkorm\u00e1nyzati Nemzeti K\u00f6z\u00f6ss\u00e9ggel kar\u00f6ltve szervezte meg azt a tehets\u00e9ggondoz\u00f3 napot, amely keret\u00e9ben a k\u00e9tnyelv\u0171 iskol\u00e1k 6\u20139. oszt\u00e1lyos tanul\u00f3i Budapesten ismerkedhettek meg Zala Gy\u00f6rgy alkot\u00e1saival. A kir\u00e1ndul\u00e1s szakmai &hellip; <a href=\"https:\/\/www.gml.si\/hu\/szakmai-kirandulas-a-ketnyelvu-altalanos-iskolak-tanuloi-reszere-zala-gyorgy-nyomdokain\/\"><\/p>\n<p>B\u0151vebben <span class=\"meta-nav\">\u2192<\/span><\/a><\/p>\n","protected":false},"author":5,"featured_media":15158,"comment_status":"closed","ping_status":"closed","sticky":false,"template":"","format":"standard","meta":{"inline_featured_image":false,"footnotes":""},"categories":[58],"tags":[],"class_list":["post-15163","post","type-post","status-publish","format-standard","has-post-thumbnail","hentry","category-hirek"],"_links":{"self":[{"href":"https:\/\/www.gml.si\/hu\/wp-json\/wp\/v2\/posts\/15163","targetHints":{"allow":["GET"]}}],"collection":[{"href":"https:\/\/www.gml.si\/hu\/wp-json\/wp\/v2\/posts"}],"about":[{"href":"https:\/\/www.gml.si\/hu\/wp-json\/wp\/v2\/types\/post"}],"author":[{"embeddable":true,"href":"https:\/\/www.gml.si\/hu\/wp-json\/wp\/v2\/users\/5"}],"replies":[{"embeddable":true,"href":"https:\/\/www.gml.si\/hu\/wp-json\/wp\/v2\/comments?post=15163"}],"version-history":[{"count":0,"href":"https:\/\/www.gml.si\/hu\/wp-json\/wp\/v2\/posts\/15163\/revisions"}],"wp:featuredmedia":[{"embeddable":true,"href":"https:\/\/www.gml.si\/hu\/wp-json\/wp\/v2\/media\/15158"}],"wp:attachment":[{"href":"https:\/\/www.gml.si\/hu\/wp-json\/wp\/v2\/media?parent=15163"}],"wp:term":[{"taxonomy":"category","embeddable":true,"href":"https:\/\/www.gml.si\/hu\/wp-json\/wp\/v2\/categories?post=15163"},{"taxonomy":"post_tag","embeddable":true,"href":"https:\/\/www.gml.si\/hu\/wp-json\/wp\/v2\/tags?post=15163"}],"curies":[{"name":"wp","href":"https:\/\/api.w.org\/{rel}","templated":true}]}}