{"id":15196,"date":"2022-09-07T10:32:49","date_gmt":"2022-09-07T08:32:49","guid":{"rendered":"https:\/\/www.gml.si\/?p=15196"},"modified":"2022-09-08T11:55:06","modified_gmt":"2022-09-08T09:55:06","slug":"europai-zsido-kultura-napjai-2022-megujulas","status":"publish","type":"post","link":"https:\/\/www.gml.si\/hu\/europai-zsido-kultura-napjai-2022-megujulas\/","title":{"rendered":"Eur\u00f3pai Zsid\u00f3 Kult\u00fara Napjai 2022: MEG\u00daJUL\u00c1S"},"content":{"rendered":"<p>K\u00fcl\u00f6nb\u00f6z\u0151 rendezv\u00e9nyek Szlov\u00e9nia-szerte<br \/>\n<strong>2022. szeptember 4-t\u0151l okt\u00f3berig v\u00e9g\u00e9ig<br \/>\n<\/strong><\/p>\n<p><a href=\"https:\/\/www.gml.si\/wp-content\/uploads\/2022\/09\/EDJK_2022_program-1_naslovna.jpg\" data-lbwps-width=\"1500\" data-lbwps-height=\"2128\" data-lbwps-srcsmall=\"https:\/\/www.gml.si\/wp-content\/uploads\/2022\/09\/EDJK_2022_program-1_naslovna-352x500.jpg\"><img loading=\"lazy\" decoding=\"async\" class=\"slika alignright wp-image-15173 size-medium\" src=\"https:\/\/www.gml.si\/wp-content\/uploads\/2022\/09\/EDJK_2022_program-1_naslovna-352x500.jpg\" alt=\"\" width=\"352\" height=\"500\" srcset=\"https:\/\/www.gml.si\/wp-content\/uploads\/2022\/09\/EDJK_2022_program-1_naslovna-352x500.jpg 352w, https:\/\/www.gml.si\/wp-content\/uploads\/2022\/09\/EDJK_2022_program-1_naslovna-722x1024.jpg 722w, https:\/\/www.gml.si\/wp-content\/uploads\/2022\/09\/EDJK_2022_program-1_naslovna.jpg 1500w\" sizes=\"auto, (max-width: 352px) 100vw, 352px\" \/><\/a>A 2022-es <em>Eur\u00f3pai Zsid\u00f3 Kult\u00fara Napjai<\/em> (angolul: EDJC) szeptember 4-\u00e9n, vas\u00e1rnap a maribori zsinag\u00f3g\u00e1ban tartott ny\u00edlt nappal vette kezdet\u00e9t Szlov\u00e9ni\u00e1ban. A Zsid\u00f3 Kult\u00fara Eur\u00f3pai Napjai egy 2000 \u00f3ta tart\u00f3 p\u00e1neur\u00f3pai projekt, amelyet minden \u00e9vben t\u00f6bb mint 25 eur\u00f3pai orsz\u00e1gban rendeznek meg. A szervez\u0151k c\u00e9lja Eur\u00f3pa-szerte, hogy k\u00fcl\u00f6nb\u00f6z\u0151 rendezv\u00e9nyek &#8211; konferenci\u00e1k, koncertek, sz\u00ednh\u00e1zi el\u0151ad\u00e1sok, t\u00e1rlatvezet\u00e9sek \u00e9s egy\u00e9b tev\u00e9kenys\u00e9gek &#8211; szervez\u00e9s\u00e9vel, amelyek Eur\u00f3pa-szerte egyidej\u0171leg zajlanak, kiemelj\u00e9k a zsid\u00f3s\u00e1g soksz\u00edn\u0171s\u00e9g\u00e9t \u00e9s gazdags\u00e1g\u00e1t, valamint t\u00f6rt\u00e9nelmi jelent\u0151s\u00e9g\u00e9t helyi, region\u00e1lis \u00e9s nemzeti kontextusban, mik\u00f6zben olyan \u00e9rt\u00e9keket t\u00e1mogatnak, mint a p\u00e1rbesz\u00e9d, az ismerked\u00e9s, a m\u00e1ss\u00e1g \u00e9s a csere.<\/p>\n<p>Az idei Eur\u00f3pai Zsid\u00f3 Kult\u00fara Napjai t\u00e9m\u00e1ja a <em>meg\u00fajul\u00e1s<\/em>, a szlov\u00e9niai rendezv\u00e9nyek Mariborban, Muraszombatban, Negov\u00e1n, Lendv\u00e1n \u00e9s Ptujban lesznek.<\/p>\n<p>A meg\u00fajul\u00e1s a zsid\u00f3 \u00e9let \u00e9s gyakorlat szinte minden aspektus\u00e1t \u00e1tsz\u00f6vi &#8211; a zsid\u00f3 \u00e9let val\u00f3j\u00e1ban folyamatosan \u00faj utakon \u00e9p\u00edtkezik a m\u00faltra val\u00f3 tekintettel -, ami a folyamatos v\u00e1ltoz\u00e1s \u00e9rz\u00e9s\u00e9t hozza a megnyugtat\u00f3 folytonoss\u00e1ggal egy\u00fctt.<\/p>\n<hr \/>\n<p>LENDVAI PROGRAM<\/p>\n<p><em><strong>2022. szeptember 20-\u00e1n, kedden<\/strong> a lendvai zsinag\u00f3g\u00e1ban <strong>Roman Grinberg<\/strong> \u00e9s zenekara koncertj\u00e9re ker\u00fcl sor (bel\u00e9p\u00e9s csak megh\u00edv\u00f3val).<\/em><\/p>\n<p><em><strong>2022. szeptember 23-\u00e1n, p\u00e9nteken 10 \u00f3rakor<\/strong> a Lendvai V\u00e1rosh\u00e1z\u00e1n ker\u00fcl sor a Never Forget &#8211; Eml\u00e9kez\u00e9s a holokausztra \u00e9s a tolerancia \u00e9s szolidarit\u00e1s \u00e9p\u00edt\u00e9se az EU-ban c\u00edm\u0171 nemzetk\u00f6zi szak\u00e9rt\u0151i konferenci\u00e1ra, majd <strong>17 \u00f3rakor<\/strong> Dan Reisinger T\u0171ztekercsek c\u00edm\u0171 m\u0171v\u00e9szeti ki\u00e1ll\u00edt\u00e1s\u00e1nak megnyit\u00f3j\u00e1ra \u00e9s a katal\u00f3gus bemutat\u00f3j\u00e1ra a Lendvai Zsinag\u00f3g\u00e1ban.\u00a0<br \/>\n<\/em><\/p>\n<p><em>Sok szeretettel v\u00e1runk minden \u00e9rdekl\u0151d\u0151t.<br \/>\n<\/em><\/p>\n<hr \/>\n<p>A programf\u00fczet let\u00f6lt\u00e9se:<br \/>\n[wp-svg-icons icon=&#8221;file-pdf&#8221; wrap=&#8221;i&#8221;] <a href=\"https:\/\/www.gml.si\/wp-content\/uploads\/2022\/09\/EDJK_2022_program.pdf\">EDJK_2022_program<\/a> (pdf, 503 KB)<\/p>\n<p><a href=\"https:\/\/www.gml.si\/wp-content\/uploads\/2022\/09\/sgga_edjk_PLK-2208.jpg\" data-lbwps-width=\"2500\" data-lbwps-height=\"3500\" data-lbwps-srcsmall=\"https:\/\/www.gml.si\/wp-content\/uploads\/2022\/09\/sgga_edjk_PLK-2208.jpg\"><img loading=\"lazy\" decoding=\"async\" class=\"slika alignnone wp-image-15192 size-large\" src=\"https:\/\/www.gml.si\/wp-content\/uploads\/2022\/09\/sgga_edjk_PLK-2208-scaled-732x1024.jpg\" alt=\"\" width=\"732\" height=\"1024\" srcset=\"https:\/\/www.gml.si\/wp-content\/uploads\/2022\/09\/sgga_edjk_PLK-2208-scaled-732x1024.jpg 732w, https:\/\/www.gml.si\/wp-content\/uploads\/2022\/09\/sgga_edjk_PLK-2208-scaled-357x500.jpg 357w, https:\/\/www.gml.si\/wp-content\/uploads\/2022\/09\/sgga_edjk_PLK-2208-scaled.jpg 1829w\" sizes=\"auto, (max-width: 732px) 100vw, 732px\" \/><\/a><\/p>\n<hr \/>\n<p>A KI\u00c1LL\u00cdT\u00c1S LE\u00cdR\u00c1SA<\/p>\n<p><strong>2022. szeptember 23. 17 \u00f3rakor<\/strong><br \/>\nLendvai Zsinag\u00f3ga, Als\u00f3 utca 5.<\/p>\n<p><span style=\"font-size: 24px;\"><strong>T\u0171ztekercsek<\/strong>, Dan Reisinger m\u0171v\u00e9szeti ki\u00e1ll\u00edt\u00e1s\u00e1nak megnyit\u00f3ja \u00e9s a katal\u00f3gus bemutat\u00f3ja<\/span><\/p>\n<p><a href=\"https:\/\/www.gml.si\/wp-content\/uploads\/2022\/09\/ognjeni_zvitki.jpg\" data-lbwps-width=\"874\" data-lbwps-height=\"1240\" data-lbwps-srcsmall=\"https:\/\/www.gml.si\/wp-content\/uploads\/2022\/09\/ognjeni_zvitki-352x500.jpg\"><img loading=\"lazy\" decoding=\"async\" class=\"alignright size-medium wp-image-15186\" src=\"https:\/\/www.gml.si\/wp-content\/uploads\/2022\/09\/ognjeni_zvitki-352x500.jpg\" alt=\"\" width=\"352\" height=\"500\" srcset=\"https:\/\/www.gml.si\/wp-content\/uploads\/2022\/09\/ognjeni_zvitki-352x500.jpg 352w, https:\/\/www.gml.si\/wp-content\/uploads\/2022\/09\/ognjeni_zvitki-722x1024.jpg 722w, https:\/\/www.gml.si\/wp-content\/uploads\/2022\/09\/ognjeni_zvitki.jpg 874w\" sizes=\"auto, (max-width: 352px) 100vw, 352px\" \/><\/a><strong>Dan Reisinger<\/strong> (1934-2019) izraeli fest\u0151 \u00e9s grafikus 1979-ben alkotta meg a <em>T\u0171ztekercsek<\/em> sorozatot, amely a h\u00edres izraeli k\u00f6lt\u0151, Abba Kovner verseinek grafikai \u00e1br\u00e1zol\u00e1sa. Kovner versei \u00e9s Reisinger m\u0171vei \u00edgy finom egys\u00e9get alkotnak, eml\u00e9keztetve a zsid\u00f3 n\u00e9p szerencs\u00e9tlen sors\u00e1ra k\u00fcl\u00f6nb\u00f6z\u0151 helyeken \u00e9s korszakokban. A ki\u00e1ll\u00edt\u00e1st a vil\u00e1g sz\u00e1mos m\u00fazeum\u00e1ban \u00e9s gal\u00e9ri\u00e1j\u00e1ban ki\u00e1ll\u00edtott\u00e1k; a m\u0171v\u00e9sz pedig, akit 2012-ben Lendva d\u00edszpolg\u00e1r\u00e1v\u00e1 v\u00e1lt, a helyi zsinag\u00f3g\u00e1ban berendezett \u00e1lland\u00f3 ki\u00e1ll\u00edt\u00e1s r\u00e9szek\u00e9nt aj\u00e1nd\u00e9kozta a Lendva K\u00f6zs\u00e9gnek. Dan Reisinger <em>T\u0171ztekercsek<\/em> c\u00edm\u0171 m\u0171veinek \u00faj, \u00e1lland\u00f3 ki\u00e1ll\u00edt\u00e1s\u00e1t a lendvai zsinag\u00f3g\u00e1ban katal\u00f3gus k\u00eds\u00e9ri. A katal\u00f3gusbemutat\u00f3 r\u00e9szek\u00e9nt Boris Hajdinjak Dan Reisinger csal\u00e1dj\u00e1nak t\u00f6rt\u00e9net\u00e9re vil\u00e1g\u00edt majd r\u00e1, m\u00edg Tanja \u0160imonka Reisinger m\u0171veinek m\u0171v\u00e9szett\u00f6rt\u00e9neti \u00e9rt\u00e9k\u00e9t v\u00e1zolja majd fel.<\/p>\n<p>Szervez\u0151k:<br \/>\nGalerija-Muzej Lendava &#8211; Gal\u00e9ria-M\u00fazeum Lendva<br \/>\nOb\u010dina Lendava &#8211; Lendva K\u00f6zs\u00e9g<\/p>\n<p>Partner:<br \/>\nCenter judovske kulturne dedi\u0161\u010dine Sinagoga Maribor<\/p>\n<p><a href=\"https:\/\/www.gml.si\/wp-content\/uploads\/2022\/09\/Vabilo_Meghivo_DAN_REISINGER.jpg\" data-lbwps-width=\"3507\" data-lbwps-height=\"2480\" data-lbwps-srcsmall=\"https:\/\/www.gml.si\/wp-content\/uploads\/2022\/09\/Vabilo_Meghivo_DAN_REISINGER.jpg\"><img loading=\"lazy\" decoding=\"async\" class=\"alignleft wp-image-15204 size-large\" src=\"https:\/\/www.gml.si\/wp-content\/uploads\/2022\/09\/Vabilo_Meghivo_DAN_REISINGER-scaled-1024x724.jpg\" alt=\"\" width=\"1024\" height=\"724\" srcset=\"https:\/\/www.gml.si\/wp-content\/uploads\/2022\/09\/Vabilo_Meghivo_DAN_REISINGER-scaled-1024x724.jpg 1024w, https:\/\/www.gml.si\/wp-content\/uploads\/2022\/09\/Vabilo_Meghivo_DAN_REISINGER-scaled-500x354.jpg 500w\" sizes=\"auto, (max-width: 1024px) 100vw, 1024px\" \/><\/a><span style=\"font-size: 10px;\">A projektet az Eur\u00f3pai Uni\u00f3 finansz\u00edrozza. A kifejtett n\u00e9zetek \u00e9s v\u00e9lem\u00e9nyek kiz\u00e1r\u00f3lag a Lendva K\u00f6zs\u00e9g n\u00e9zetei \u00e9s v\u00e9lem\u00e9nyei, \u00e9s nem t\u00fckr\u00f6zik az EACEA \u00e1ll\u00e1spontj\u00e1t, ez\u00e9rt ezek tartalm\u00e1\u00e9rt sem az Eur\u00f3pai Uni\u00f3, sem a megrendel\u0151 nem felel\u0151s.<\/span><\/p>\n<hr \/>\n<p>KAPCSOLATOK:<br \/>\n[wp-svg-icons icon=&#8221;link&#8221; wrap=&#8221;i&#8221;] <a href=\"https:\/\/www.lendava.si\/vsebina\/evropski-dnevi-judovske-kulture-2022-obnova\">https:\/\/www.lendava.si\/vsebina\/evropski-dnevi-judovske-kulture-2022-obnova<\/a><br \/>\n[wp-svg-icons icon=&#8221;link&#8221; wrap=&#8221;i&#8221;] <a href=\"http:\/\/www.sinagogamaribor.si\/slo\/program\/2022-2\/evropski-dnevi-judovske-kulture-2022\/\">http:\/\/www.sinagogamaribor.si\/slo\/program\/2022-2\/evropski-dnevi-judovske-kulture-2022\/<\/a><br \/>\n[wp-svg-icons icon=&#8221;link&#8221; wrap=&#8221;i&#8221;] <a href=\"https:\/\/www1.kkl.si\/sl\/spored-2022-09\/\">https:\/\/www1.kkl.si\/sl\/spored-2022-09\/<\/a><\/p>\n","protected":false},"excerpt":{"rendered":"<p>Az idei Eur\u00f3pai Zsid\u00f3 Kult\u00fara Napjai t\u00e9m\u00e1ja a meg\u00fajul\u00e1s, a szlov\u00e9niai rendezv\u00e9nyek Mariborban, Muraszombatban, Negov\u00e1n, Lendv\u00e1n \u00e9s Ptujban lesznek. <a href=\"https:\/\/www.gml.si\/hu\/europai-zsido-kultura-napjai-2022-megujulas\/\"><\/p>\n<p>B\u0151vebben <span class=\"meta-nav\">\u2192<\/span><\/a><\/p>\n","protected":false},"author":5,"featured_media":15173,"comment_status":"closed","ping_status":"closed","sticky":false,"template":"","format":"standard","meta":{"inline_featured_image":false,"footnotes":""},"categories":[58],"tags":[],"class_list":["post-15196","post","type-post","status-publish","format-standard","has-post-thumbnail","hentry","category-hirek"],"_links":{"self":[{"href":"https:\/\/www.gml.si\/hu\/wp-json\/wp\/v2\/posts\/15196","targetHints":{"allow":["GET"]}}],"collection":[{"href":"https:\/\/www.gml.si\/hu\/wp-json\/wp\/v2\/posts"}],"about":[{"href":"https:\/\/www.gml.si\/hu\/wp-json\/wp\/v2\/types\/post"}],"author":[{"embeddable":true,"href":"https:\/\/www.gml.si\/hu\/wp-json\/wp\/v2\/users\/5"}],"replies":[{"embeddable":true,"href":"https:\/\/www.gml.si\/hu\/wp-json\/wp\/v2\/comments?post=15196"}],"version-history":[{"count":0,"href":"https:\/\/www.gml.si\/hu\/wp-json\/wp\/v2\/posts\/15196\/revisions"}],"wp:featuredmedia":[{"embeddable":true,"href":"https:\/\/www.gml.si\/hu\/wp-json\/wp\/v2\/media\/15173"}],"wp:attachment":[{"href":"https:\/\/www.gml.si\/hu\/wp-json\/wp\/v2\/media?parent=15196"}],"wp:term":[{"taxonomy":"category","embeddable":true,"href":"https:\/\/www.gml.si\/hu\/wp-json\/wp\/v2\/categories?post=15196"},{"taxonomy":"post_tag","embeddable":true,"href":"https:\/\/www.gml.si\/hu\/wp-json\/wp\/v2\/tags?post=15196"}],"curies":[{"name":"wp","href":"https:\/\/api.w.org\/{rel}","templated":true}]}}