{"id":15333,"date":"2022-11-09T12:47:09","date_gmt":"2022-11-09T11:47:09","guid":{"rendered":"https:\/\/www.gml.si\/?p=15333"},"modified":"2022-11-15T12:47:54","modified_gmt":"2022-11-15T11:47:54","slug":"a-lendvai-var-vedfalainak-felujitasarol-a-szloven-rtv-hiradojaban","status":"publish","type":"post","link":"https:\/\/www.gml.si\/hu\/a-lendvai-var-vedfalainak-felujitasarol-a-szloven-rtv-hiradojaban\/","title":{"rendered":"A lendvai v\u00e1r v\u00e9dfalainak fel\u00faj\u00edt\u00e1s\u00e1r\u00f3l a szlov\u00e9n RTV H\u00edrad\u00f3j\u00e1ban"},"content":{"rendered":"<p><a href=\"https:\/\/365.rtvslo.si\/arhiv\/prvi-dnevnik\/174912375\"><img loading=\"lazy\" decoding=\"async\" class=\"alignnone wp-image-15329 size-large\" src=\"https:\/\/www.gml.si\/wp-content\/uploads\/2022\/11\/RTVSLO_Obnova_Lendavskega_gradu.jpg\" alt=\"\" width=\"1024\" height=\"576\" srcset=\"https:\/\/www.gml.si\/wp-content\/uploads\/2022\/11\/RTVSLO_Obnova_Lendavskega_gradu.jpg 1316w, https:\/\/www.gml.si\/wp-content\/uploads\/2022\/11\/RTVSLO_Obnova_Lendavskega_gradu-500x281.jpg 500w, https:\/\/www.gml.si\/wp-content\/uploads\/2022\/11\/RTVSLO_Obnova_Lendavskega_gradu-1024x576.jpg 1024w\" sizes=\"auto, (max-width: 1024px) 100vw, 1024px\" \/><\/a><\/p>\n<p><span class=\"x193iq5w xeuugli x13faqbe x1vvkbs x1xmvt09 x1lliihq x1s928wv xhkezso x1gmr53x x1cpjm7i x1fgarty x1943h6x xudqn12 x3x7a5m x6prxxf xvq8zen xo1l8bm xzsf02u x1yc453h\" dir=\"auto\">A lendvai v\u00e1r v\u00e9dfalainak fel\u00faj\u00edt\u00e1sa nagy\u00fctemben zajlik. A pillanatnyi helyzetr\u0151l besz\u00e1molt a szlov\u00e9n RTV H\u00edrad\u00f3ja is. K\u00f6sz\u00f6nj\u00fck.<\/span><\/p>\n<p>[wp-svg-icons icon=&#8221;link&#8221; wrap=&#8221;i&#8221;] <a href=\"https:\/\/365.rtvslo.si\/arhiv\/prvi-dnevnik\/174912375\">https:\/\/365.rtvslo.si\/arhiv\/prvi-dnevnik\/174912375<\/a><\/p>\n","protected":false},"excerpt":{"rendered":"<p>A lendvai v\u00e1r v\u00e9dfalainak fel\u00faj\u00edt\u00e1sa nagy\u00fctemben zajlik. A pillanatnyi helyzetr\u0151l besz\u00e1molt a szlov\u00e9n RTV H\u00edrad\u00f3ja is. K\u00f6sz\u00f6nj\u00fck. <a href=\"https:\/\/www.gml.si\/hu\/a-lendvai-var-vedfalainak-felujitasarol-a-szloven-rtv-hiradojaban\/\"><\/p>\n<p>B\u0151vebben <span class=\"meta-nav\">\u2192<\/span><\/a><\/p>\n","protected":false},"author":5,"featured_media":15331,"comment_status":"closed","ping_status":"closed","sticky":false,"template":"","format":"standard","meta":{"inline_featured_image":false,"footnotes":""},"categories":[58],"tags":[],"class_list":["post-15333","post","type-post","status-publish","format-standard","has-post-thumbnail","hentry","category-hirek"],"_links":{"self":[{"href":"https:\/\/www.gml.si\/hu\/wp-json\/wp\/v2\/posts\/15333","targetHints":{"allow":["GET"]}}],"collection":[{"href":"https:\/\/www.gml.si\/hu\/wp-json\/wp\/v2\/posts"}],"about":[{"href":"https:\/\/www.gml.si\/hu\/wp-json\/wp\/v2\/types\/post"}],"author":[{"embeddable":true,"href":"https:\/\/www.gml.si\/hu\/wp-json\/wp\/v2\/users\/5"}],"replies":[{"embeddable":true,"href":"https:\/\/www.gml.si\/hu\/wp-json\/wp\/v2\/comments?post=15333"}],"version-history":[{"count":0,"href":"https:\/\/www.gml.si\/hu\/wp-json\/wp\/v2\/posts\/15333\/revisions"}],"wp:featuredmedia":[{"embeddable":true,"href":"https:\/\/www.gml.si\/hu\/wp-json\/wp\/v2\/media\/15331"}],"wp:attachment":[{"href":"https:\/\/www.gml.si\/hu\/wp-json\/wp\/v2\/media?parent=15333"}],"wp:term":[{"taxonomy":"category","embeddable":true,"href":"https:\/\/www.gml.si\/hu\/wp-json\/wp\/v2\/categories?post=15333"},{"taxonomy":"post_tag","embeddable":true,"href":"https:\/\/www.gml.si\/hu\/wp-json\/wp\/v2\/tags?post=15333"}],"curies":[{"name":"wp","href":"https:\/\/api.w.org\/{rel}","templated":true}]}}