{"id":15847,"date":"2023-01-18T20:24:40","date_gmt":"2023-01-18T19:24:40","guid":{"rendered":"https:\/\/www.gml.si\/?p=15847"},"modified":"2023-01-21T11:43:30","modified_gmt":"2023-01-21T10:43:30","slug":"kiallitas-a-zsinagogban-hazateres-a-lendvai-zsido-csaladok-botlatokoveinek-a-tortenetei","status":"publish","type":"post","link":"https:\/\/www.gml.si\/hu\/kiallitas-a-zsinagogban-hazateres-a-lendvai-zsido-csaladok-botlatokoveinek-a-tortenetei\/","title":{"rendered":"KI\u00c1LL\u00cdT\u00c1S A ZSINAG\u00d3GBAN \u2013 Hazat\u00e9r\u00e9s: a lendvai zsid\u00f3 csal\u00e1dok botlat\u00f3k\u00f6veinek a t\u00f6rt\u00e9netei"},"content":{"rendered":"<p><strong>SO\u00c1 2023 \u2013 Eml\u00e9kezz\u00fcnk<\/strong><\/p>\n<p>M E G H \u00cd V \u00d3<\/p>\n<p>Tisztelettel megh\u00edvjuk \u00d6nt \u00e9s Kedves Bar\u00e1tait a<br \/>\n<strong>Hazat\u00e9r\u00e9s: a lendvai zsid\u00f3 csal\u00e1dok botlat\u00f3k\u00f6veinek a t\u00f6rt\u00e9netei<\/strong><br \/>\nc\u00edm\u0171 ki\u00e1ll\u00edt\u00e1s\u00e1nak megnyit\u00f3j\u00e1ra, amely 2023. janu\u00e1r 24-\u00e9n,<br \/>\nkedden, 18.00 \u00f3rakor lesz a lendvai zsinag\u00f3g\u00e1ban.<\/p>\n<p>A ki\u00e1ll\u00edt\u00e1st Boris Hajdinjak, a Zsid\u00f3 Kultur\u00e1lis \u00d6r\u00f6ks\u00e9gk\u00f6zpont Maribori Zsinag\u00f3ga igazgat\u00f3ja nyitja meg.<\/p>\n<p>A zenei m\u0171sorban k\u00f6zrem\u0171k\u00f6dik Du\u0161an Stojanovi\u0107.<\/p>\n<p><a href=\"https:\/\/www.gml.si\/wp-content\/uploads\/2023\/01\/Vabilo_Meghivo_SOA_2023.jpg\" data-lbwps-width=\"3507\" data-lbwps-height=\"2480\" data-lbwps-srcsmall=\"https:\/\/www.gml.si\/wp-content\/uploads\/2023\/01\/Vabilo_Meghivo_SOA_2023.jpg\"><img loading=\"lazy\" decoding=\"async\" class=\"alignnone wp-image-15840 size-large\" src=\"https:\/\/www.gml.si\/wp-content\/uploads\/2023\/01\/Vabilo_Meghivo_SOA_2023-scaled-1024x724.jpg\" alt=\"\" width=\"1024\" height=\"724\" srcset=\"https:\/\/www.gml.si\/wp-content\/uploads\/2023\/01\/Vabilo_Meghivo_SOA_2023-scaled-1024x724.jpg 1024w, https:\/\/www.gml.si\/wp-content\/uploads\/2023\/01\/Vabilo_Meghivo_SOA_2023-scaled-500x354.jpg 500w\" sizes=\"auto, (max-width: 1024px) 100vw, 1024px\" \/><\/a><\/p>\n<p>[wp-svg-icons icon=&#8221;link&#8221; wrap=&#8221;i&#8221;] <a href=\"http:\/\/sinagoga.gml.si\/\">http:\/\/sinagoga.gml.si\/<\/a><br \/>\n[wp-svg-icons icon=&#8221;link&#8221; wrap=&#8221;i&#8221;] <a href=\"http:\/\/www.sinagogamaribor.si\/en\/programme\/2023-2\/shoah-let-us-remember-2023\/\">http:\/\/www.sinagogamaribor.si\/en\/programme\/2023-2\/shoah-let-us-remember-2023\/<\/a><\/p>\n","protected":false},"excerpt":{"rendered":"<p>Tisztelettel megh\u00edvjuk \u00d6n\u00f6ket a Hazat\u00e9r\u00e9s: a lendvai zsid\u00f3 csal\u00e1dok botlat\u00f3k\u00f6veinek a t\u00f6rt\u00e9netei c\u00edm\u0171 ki\u00e1ll\u00edt\u00e1s\u00e1nak megnyit\u00f3j\u00e1ra, amely 2023. janu\u00e1r 24-\u00e9n, kedden, 18.00 \u00f3rakor lesz a lendvai zsinag\u00f3g\u00e1ban. <a href=\"https:\/\/www.gml.si\/hu\/kiallitas-a-zsinagogban-hazateres-a-lendvai-zsido-csaladok-botlatokoveinek-a-tortenetei\/\"><\/p>\n<p>B\u0151vebben <span class=\"meta-nav\">\u2192<\/span><\/a><\/p>\n","protected":false},"author":5,"featured_media":15842,"comment_status":"closed","ping_status":"closed","sticky":false,"template":"","format":"standard","meta":{"inline_featured_image":false,"footnotes":""},"categories":[66,58],"tags":[],"class_list":["post-15847","post","type-post","status-publish","format-standard","has-post-thumbnail","hentry","category-elozo","category-hirek"],"_links":{"self":[{"href":"https:\/\/www.gml.si\/hu\/wp-json\/wp\/v2\/posts\/15847","targetHints":{"allow":["GET"]}}],"collection":[{"href":"https:\/\/www.gml.si\/hu\/wp-json\/wp\/v2\/posts"}],"about":[{"href":"https:\/\/www.gml.si\/hu\/wp-json\/wp\/v2\/types\/post"}],"author":[{"embeddable":true,"href":"https:\/\/www.gml.si\/hu\/wp-json\/wp\/v2\/users\/5"}],"replies":[{"embeddable":true,"href":"https:\/\/www.gml.si\/hu\/wp-json\/wp\/v2\/comments?post=15847"}],"version-history":[{"count":0,"href":"https:\/\/www.gml.si\/hu\/wp-json\/wp\/v2\/posts\/15847\/revisions"}],"wp:featuredmedia":[{"embeddable":true,"href":"https:\/\/www.gml.si\/hu\/wp-json\/wp\/v2\/media\/15842"}],"wp:attachment":[{"href":"https:\/\/www.gml.si\/hu\/wp-json\/wp\/v2\/media?parent=15847"}],"wp:term":[{"taxonomy":"category","embeddable":true,"href":"https:\/\/www.gml.si\/hu\/wp-json\/wp\/v2\/categories?post=15847"},{"taxonomy":"post_tag","embeddable":true,"href":"https:\/\/www.gml.si\/hu\/wp-json\/wp\/v2\/tags?post=15847"}],"curies":[{"name":"wp","href":"https:\/\/api.w.org\/{rel}","templated":true}]}}