{"id":16420,"date":"2023-04-07T09:44:50","date_gmt":"2023-04-07T07:44:50","guid":{"rendered":"https:\/\/www.gml.si\/?p=16420"},"modified":"2023-04-19T10:03:49","modified_gmt":"2023-04-19T08:03:49","slug":"kepzomuveszeti-kiallitas-andy-warhol","status":"publish","type":"post","link":"https:\/\/www.gml.si\/hu\/kepzomuveszeti-kiallitas-andy-warhol\/","title":{"rendered":"K\u00e9pz\u0151m\u0171v\u00e9szeti ki\u00e1ll\u00edt\u00e1s: ANDY WARHOL&#8230;"},"content":{"rendered":"<p><a href=\"https:\/\/www.gml.si\/wp-content\/uploads\/2023\/04\/Vabilo_Meghivo_ANDY_WARHOL.jpg\" data-lbwps-width=\"3507\" data-lbwps-height=\"2480\" data-lbwps-srcsmall=\"https:\/\/www.gml.si\/wp-content\/uploads\/2023\/04\/Vabilo_Meghivo_ANDY_WARHOL.jpg\"><img loading=\"lazy\" decoding=\"async\" class=\"alignleft size-large wp-image-16483\" src=\"https:\/\/www.gml.si\/wp-content\/uploads\/2023\/04\/Vabilo_Meghivo_ANDY_WARHOL-scaled-1024x724.jpg\" alt=\"\" width=\"1024\" height=\"724\" srcset=\"https:\/\/www.gml.si\/wp-content\/uploads\/2023\/04\/Vabilo_Meghivo_ANDY_WARHOL-scaled-1024x724.jpg 1024w, https:\/\/www.gml.si\/wp-content\/uploads\/2023\/04\/Vabilo_Meghivo_ANDY_WARHOL-scaled-500x354.jpg 500w\" sizes=\"auto, (max-width: 1024px) 100vw, 1024px\" \/><\/a>MEGH\u00cdV\u00d3<\/p>\n<p>A Lendvai Gal\u00e9ria \u00e9s M\u00fazeum, valamint Lendva K\u00f6zs\u00e9g szeretettel megh\u00edvja \u00d6nt \u00e9s Kedves Bar\u00e1tait az<\/p>\n<p><span style=\"font-size: 24px;\"><strong>Andy Warhol&#8230;<\/strong><\/span><\/p>\n<p>c\u00edm\u0171 ki\u00e1ll\u00edt\u00e1s megnyit\u00f3j\u00e1ra, amely <strong>2023. \u00e1prilis 21-\u00e9n, p\u00e9nteken 19.00 \u00f3rakor<\/strong> lesz a lendvai v\u00e1rban.<\/p>\n<p>K\u00f6sz\u00f6nt\u0151besz\u00e9det mond <em>Baumgartner Dubravko<\/em>, a Lendvai Gal\u00e9ria \u00e9s M\u00fazeum igazgat\u00f3ja, valamint <em>Magyar Janez<\/em>, Lendva K\u00f6zs\u00e9g polg\u00e1rmestere.<\/p>\n<p>Szakmai bemutat\u00f3t <em>mag. Martin Cubjak<\/em>, a mez\u0151laborci Andy Warhol Modern M\u0171v\u00e9szeti M\u00fazeum igazgat\u00f3ja tart.<\/p>\n<p>A ki\u00e1ll\u00edt\u00e1st \u0150exc. <em>Jamie L. Harpootlian<\/em>, az Amerikai Egyes\u00fclt \u00c1llamok szlov\u00e9niai nagyk\u00f6vete, valamint \u0150exc. <em>Peter Zelen\u00e1k<\/em>, a Szlov\u00e1k K\u00f6zt\u00e1rsas\u00e1g szlov\u00e9niai nagyk\u00f6vete nyitj\u00e1k meg.<\/p>\n<p>A ki\u00e1ll\u00edt\u00e1s kur\u00e1tora: <em>Michal Bycko, Ph.D.<\/em><\/p>\n<p><span style=\"font-size: 10px;\">Az esem\u00e9nyt fot\u00f3n \u00e9s videon r\u00f6gz\u00edtj\u00fck.<\/span><\/p>\n<hr \/>\n<p><strong><em>A ki\u00e1ll\u00edt\u00e1s 2023. j\u00falius 31-ig tekinthet\u0151 meg.<\/em><\/strong><\/p>\n<hr \/>\n<p><a href=\"https:\/\/www.gml.si\/wp-content\/uploads\/2023\/04\/ANDY_WARHOL_web_reklama.jpg\" data-lbwps-width=\"3000\" data-lbwps-height=\"1570\" data-lbwps-srcsmall=\"https:\/\/www.gml.si\/wp-content\/uploads\/2023\/04\/ANDY_WARHOL_web_reklama.jpg\"><img loading=\"lazy\" decoding=\"async\" class=\"alignnone size-large wp-image-16404\" src=\"https:\/\/www.gml.si\/wp-content\/uploads\/2023\/04\/ANDY_WARHOL_web_reklama-scaled-1024x536.jpg\" alt=\"\" width=\"1024\" height=\"536\" srcset=\"https:\/\/www.gml.si\/wp-content\/uploads\/2023\/04\/ANDY_WARHOL_web_reklama-scaled-1024x536.jpg 1024w, https:\/\/www.gml.si\/wp-content\/uploads\/2023\/04\/ANDY_WARHOL_web_reklama-scaled-500x262.jpg 500w\" sizes=\"auto, (max-width: 1024px) 100vw, 1024px\" \/><\/a><\/p>\n<p><em>A mez\u0151laborci Andy Warhol Modern M\u0171v\u00e9szeti M\u00fazeum gy\u0171jtem\u00e9ny\u00e9b\u0151l<\/em><\/p>\n<p><strong> 2023. \u00e1prilis 21-t\u0151l j\u00falius 31-ig<\/strong>,<strong> Lendvai v\u00e1r <\/strong><\/p>\n<p>Szervez\u0151: <strong>Lendvai Gal\u00e9ria \u00e9s M\u00fazeum<\/strong>, 9220 Lendva, B\u00e1nffy t\u00e9r 1., Szlov\u00e9nia<\/p>\n<p>Ki\u00e1ll\u00edt\u00e1s kur\u00e1tora: <strong>Michal Bycko, Ph.D.<\/strong><\/p>\n<p>Inf\u00f3: <a href=\"http:\/\/www.gml.si\">www.gml.si<\/a><\/p>\n<p>Andy Warhol (1928\u20131987) amerikai fest\u0151, filmk\u00e9sz\u00edt\u0151, illusztr\u00e1tor \u00e9s \u00edr\u00f3 a h\u00e1bor\u00fa ut\u00e1ni Amerika egyik legfontosabb m\u0171v\u00e9sze volt, alkot\u00e1saival vil\u00e1gh\u00edrn\u00e9vre tett szert. A pop-art m\u0171v\u00e9szeti mozgalom egyik alap\u00edt\u00f3ja volt, \u00e9s az ir\u00e1nyzat legkiemelked\u0151bb k\u00e9pvisel\u0151j\u00e9nek tartj\u00e1k. Alkot\u00e1saiban a kapitalista t\u00e1rsadalom \u00e9rt\u00e9keit \u2013 a fogyaszt\u00e1st, a p\u00e9nzt, a csillog\u00e1st, a h\u00edrnevet \u00e9s a preszt\u00edzst \u2013 fejezte ki.<\/p>\n<p>Andy Warhol Andrej Varchola n\u00e9ven sz\u00fcletett az amerikai egyes\u00fclt \u00e1llalmokbeli Pittsbourgh-ben. Sz\u00fclei Julia \u00e9s Andrej Varchola szlov\u00e1kiai ruszinok voltak. \u00c9desanyja Mez\u0151laborc v\u00e1rosa mellett sz\u00fcletett, ahol ma az Andy Warhol Modern M\u0171v\u00e9szeti M\u00fazeum tal\u00e1lhat\u00f3. Az eml\u00edtett int\u00e9zm\u00e9nyb\u0151l sz\u00e1rmaz\u00f3 vend\u00e9gki\u00e1ll\u00edt\u00e1s Warhol gazdag opus\u00e1t mutatja be. A l\u00e1togat\u00f3k a ki\u00e1ll\u00edt\u00e1s keret\u00e9ben megtekinthetik az alkot\u00f3 ismert munk\u00e1it \u2013 pl. a <em>Marilyn Monroe-t, <\/em>a <em>Vir\u00e1gokat, <\/em>a<em> Mao Ce-tungot <\/em>\u00e9s a<em> Villamossz\u00e9ket<\/em>, amelyek Andy \u00e9rtelmez\u00e9s\u00e9ben a pop-art vil\u00e1gszerte elismert ikonjaiv\u00e1 v\u00e1ltak. A lendvai ki\u00e1ll\u00edt\u00e1s k\u00fcl\u00f6nlegess\u00e9ge, hogy Warhol k\u00e9pz\u0151m\u0171v\u00e9szeti alkot\u00e1sai mellet a m\u0171v\u00e9sz szem\u00e9lyes t\u00e1rgyai is megtekinthet\u0151ek lesznek.<\/p>\n<hr \/>\n<p><a href=\"https:\/\/www.gml.si\/wp-content\/uploads\/2023\/04\/Marilyn_GML-2.jpg\" data-lbwps-width=\"2500\" data-lbwps-height=\"2500\" data-lbwps-srcsmall=\"https:\/\/www.gml.si\/wp-content\/uploads\/2023\/04\/Marilyn_GML-2-500x500.jpg\"><img loading=\"lazy\" decoding=\"async\" class=\"alignnone size-large wp-image-16416\" src=\"https:\/\/www.gml.si\/wp-content\/uploads\/2023\/04\/Marilyn_GML-2-1024x1024.jpg\" alt=\"\" width=\"1024\" height=\"1024\" srcset=\"https:\/\/www.gml.si\/wp-content\/uploads\/2023\/04\/Marilyn_GML-2-1024x1024.jpg 1024w, https:\/\/www.gml.si\/wp-content\/uploads\/2023\/04\/Marilyn_GML-2-120x120.jpg 120w, https:\/\/www.gml.si\/wp-content\/uploads\/2023\/04\/Marilyn_GML-2-500x500.jpg 500w\" sizes=\"auto, (max-width: 1024px) 100vw, 1024px\" \/><\/a><\/p>\n<p><span style=\"font-size: 12px;\"><strong>Andy Warhol:<\/strong> <em>Marilyn<\/em>, 1967, szitanyomat, pap\u00edr, 91,4 x 91,4 cm, \u00a9 The Andy Warhol Foundation for Visual Arts, Inc., 2023.<\/span><\/p>\n<hr \/>\n<p>T\u00e1mogat\u00f3k:<\/p>\n<p><strong>Ob\u010dina Lendava \/ Lendva K\u00f6zs\u00e9g<br \/>\n<\/strong><strong>Ministrstvo za kulturo Republike Slovenije<br \/>\n<\/strong><strong>Andy Warhol Museum of Modern Art in Medzilaborce<br \/>\n<\/strong><strong>Pre\u0161ov Self-Governing Region<\/strong><\/p>\n","protected":false},"excerpt":{"rendered":"<p><em>A mez\u0151laborci Andy Warhol Modern M\u0171v\u00e9szeti M\u00fazeum gy\u0171jtem\u00e9ny\u00e9b\u0151l<\/em><\/p>\n<p><strong>2023. \u00e1prilis 21-t\u0151l j\u00falius 31-ig, Lendvai v\u00e1r<\/strong> <a href=\"https:\/\/www.gml.si\/hu\/kepzomuveszeti-kiallitas-andy-warhol\/\"><\/p>\n<p>B\u0151vebben <span class=\"meta-nav\">\u2192<\/span><\/a><\/p>\n","protected":false},"author":5,"featured_media":16417,"comment_status":"closed","ping_status":"closed","sticky":false,"template":"","format":"standard","meta":{"inline_featured_image":false,"footnotes":""},"categories":[66,58],"tags":[],"class_list":["post-16420","post","type-post","status-publish","format-standard","has-post-thumbnail","hentry","category-elozo","category-hirek"],"_links":{"self":[{"href":"https:\/\/www.gml.si\/hu\/wp-json\/wp\/v2\/posts\/16420","targetHints":{"allow":["GET"]}}],"collection":[{"href":"https:\/\/www.gml.si\/hu\/wp-json\/wp\/v2\/posts"}],"about":[{"href":"https:\/\/www.gml.si\/hu\/wp-json\/wp\/v2\/types\/post"}],"author":[{"embeddable":true,"href":"https:\/\/www.gml.si\/hu\/wp-json\/wp\/v2\/users\/5"}],"replies":[{"embeddable":true,"href":"https:\/\/www.gml.si\/hu\/wp-json\/wp\/v2\/comments?post=16420"}],"version-history":[{"count":3,"href":"https:\/\/www.gml.si\/hu\/wp-json\/wp\/v2\/posts\/16420\/revisions"}],"predecessor-version":[{"id":16510,"href":"https:\/\/www.gml.si\/hu\/wp-json\/wp\/v2\/posts\/16420\/revisions\/16510"}],"wp:featuredmedia":[{"embeddable":true,"href":"https:\/\/www.gml.si\/hu\/wp-json\/wp\/v2\/media\/16417"}],"wp:attachment":[{"href":"https:\/\/www.gml.si\/hu\/wp-json\/wp\/v2\/media?parent=16420"}],"wp:term":[{"taxonomy":"category","embeddable":true,"href":"https:\/\/www.gml.si\/hu\/wp-json\/wp\/v2\/categories?post=16420"},{"taxonomy":"post_tag","embeddable":true,"href":"https:\/\/www.gml.si\/hu\/wp-json\/wp\/v2\/tags?post=16420"}],"curies":[{"name":"wp","href":"https:\/\/api.w.org\/{rel}","templated":true}]}}