{"id":16767,"date":"2023-05-17T09:17:00","date_gmt":"2023-05-17T07:17:00","guid":{"rendered":"https:\/\/www.gml.si\/?p=16767"},"modified":"2023-05-17T09:39:13","modified_gmt":"2023-05-17T07:39:13","slug":"mednarodni-muzejski-dan-2023","status":"publish","type":"post","link":"https:\/\/www.gml.si\/hu\/mednarodni-muzejski-dan-2023\/","title":{"rendered":"M\u00fazeumi Vil\u00e1gnap 2023"},"content":{"rendered":"<p>A Lendvai Gal\u00e9ria \u00e9s M\u00fazeum a M\u00fazeumi Vil\u00e1gnap alkalm\u00e1b\u00f3l tisztelettel megh\u00edvja \u00d6nt \u00e9s Kedves Bar\u00e1tait <strong>2023. m\u00e1jus 18-\u00e1n<\/strong>, 19 \u00f3r\u00e1ra a lendvai v\u00e1rba a<\/p>\n<p><strong><span style=\"font-size: 24px;\">Lendva-vid\u00e9k \u00e9s a nemzetis\u00e9gi ter\u00fclet<\/span><\/strong><\/p>\n<p>c\u00edm\u0171 \u00faj \u00e1lland\u00f3 ki\u00e1ll\u00edt\u00e1s\u00e1nak megnyit\u00f3j\u00e1ra, amelyet <strong>dr. Lendvai Kepe Zolt\u00e1n<\/strong> f\u0151muzeol\u00f3gus, a ki\u00e1ll\u00edt\u00e1s szerz\u0151je mutat be.<\/p>\n<p><em>A M\u00fazeumi Vil\u00e1gnapon az int\u00e9zm\u00e9ny ki\u00e1ll\u00edt\u00e1sai d\u00edjmentesen megtekinthet\u0151ek.<br \/>\n<\/em><\/p>\n<p><strong>Lendvai v\u00e1r:<\/strong> 8.00-21.00<br \/>\n<strong>Polg\u00e1rs\u00e1g M\u00fazeuma:<\/strong> 10.00-14.00<br \/>\n<strong>Lendvai Zsinag\u00f3ga:<\/strong> 10.00-14.00<\/p>\n<p><em>Szeretettel v\u00e1rjuk!<\/em><\/p>\n<p><a href=\"https:\/\/www.gml.si\/wp-content\/uploads\/2023\/05\/18maj2023_Vabilo-Meghivo_splet.jpg\" data-lbwps-width=\"3507\" data-lbwps-height=\"2480\" data-lbwps-srcsmall=\"https:\/\/www.gml.si\/wp-content\/uploads\/2023\/05\/18maj2023_Vabilo-Meghivo_splet.jpg\"><img loading=\"lazy\" decoding=\"async\" class=\"alignnone size-large wp-image-16763\" src=\"https:\/\/www.gml.si\/wp-content\/uploads\/2023\/05\/18maj2023_Vabilo-Meghivo_splet-scaled.jpg\" alt=\"\" width=\"1024\" height=\"724\" srcset=\"https:\/\/www.gml.si\/wp-content\/uploads\/2023\/05\/18maj2023_Vabilo-Meghivo_splet-scaled.jpg 2560w, https:\/\/www.gml.si\/wp-content\/uploads\/2023\/05\/18maj2023_Vabilo-Meghivo_splet-scaled-500x354.jpg 500w, https:\/\/www.gml.si\/wp-content\/uploads\/2023\/05\/18maj2023_Vabilo-Meghivo_splet-scaled-1024x724.jpg 1024w\" sizes=\"auto, (max-width: 1024px) 100vw, 1024px\" \/><\/a><\/p>\n","protected":false},"excerpt":{"rendered":"<p>Tisztelettel megh\u00edvjuk \u00d6n\u00f6ket <strong>2023. m\u00e1jus 18-\u00e1n<\/strong>, 19 \u00f3r\u00e1ra a lendvai v\u00e1rba a Lendva-vid\u00e9k \u00e9s a nemzetis\u00e9gi ter\u00fclet c\u00edm\u0171 \u00faj \u00e1lland\u00f3 ki\u00e1ll\u00edt\u00e1s\u00e1nak megnyit\u00f3j\u00e1ra<\/p>\n<p><em>A M\u00fazeumi Vil\u00e1gnapon az int\u00e9zm\u00e9ny ki\u00e1ll\u00edt\u00e1sai d\u00edjmentesen megtekinthet\u0151ek.<\/em> <a href=\"https:\/\/www.gml.si\/hu\/mednarodni-muzejski-dan-2023\/\"><\/p>\n<p>B\u0151vebben <span class=\"meta-nav\">\u2192<\/span><\/a><\/p>\n","protected":false},"author":5,"featured_media":16765,"comment_status":"closed","ping_status":"closed","sticky":false,"template":"","format":"standard","meta":{"inline_featured_image":false,"footnotes":""},"categories":[66,58],"tags":[],"class_list":["post-16767","post","type-post","status-publish","format-standard","has-post-thumbnail","hentry","category-elozo","category-hirek"],"_links":{"self":[{"href":"https:\/\/www.gml.si\/hu\/wp-json\/wp\/v2\/posts\/16767","targetHints":{"allow":["GET"]}}],"collection":[{"href":"https:\/\/www.gml.si\/hu\/wp-json\/wp\/v2\/posts"}],"about":[{"href":"https:\/\/www.gml.si\/hu\/wp-json\/wp\/v2\/types\/post"}],"author":[{"embeddable":true,"href":"https:\/\/www.gml.si\/hu\/wp-json\/wp\/v2\/users\/5"}],"replies":[{"embeddable":true,"href":"https:\/\/www.gml.si\/hu\/wp-json\/wp\/v2\/comments?post=16767"}],"version-history":[{"count":6,"href":"https:\/\/www.gml.si\/hu\/wp-json\/wp\/v2\/posts\/16767\/revisions"}],"predecessor-version":[{"id":16776,"href":"https:\/\/www.gml.si\/hu\/wp-json\/wp\/v2\/posts\/16767\/revisions\/16776"}],"wp:featuredmedia":[{"embeddable":true,"href":"https:\/\/www.gml.si\/hu\/wp-json\/wp\/v2\/media\/16765"}],"wp:attachment":[{"href":"https:\/\/www.gml.si\/hu\/wp-json\/wp\/v2\/media?parent=16767"}],"wp:term":[{"taxonomy":"category","embeddable":true,"href":"https:\/\/www.gml.si\/hu\/wp-json\/wp\/v2\/categories?post=16767"},{"taxonomy":"post_tag","embeddable":true,"href":"https:\/\/www.gml.si\/hu\/wp-json\/wp\/v2\/tags?post=16767"}],"curies":[{"name":"wp","href":"https:\/\/api.w.org\/{rel}","templated":true}]}}