{"id":17254,"date":"2023-10-23T18:58:27","date_gmt":"2023-10-23T16:58:27","guid":{"rendered":"https:\/\/www.gml.si\/?p=17254"},"modified":"2023-10-23T19:15:06","modified_gmt":"2023-10-23T17:15:06","slug":"kiallitas-a-zsinagogaban-kulcar-priska-mini-retrospektiv","status":"publish","type":"post","link":"https:\/\/www.gml.si\/hu\/kiallitas-a-zsinagogaban-kulcar-priska-mini-retrospektiv\/","title":{"rendered":"KI\u00c1LL\u00cdT\u00c1S A ZSINAG\u00d3G\u00c1BAN: Kul\u010dar Priska \u2013 Mini retrospekt\u00edv"},"content":{"rendered":"<p><a href=\"https:\/\/www.gml.si\/wp-content\/uploads\/2023\/10\/Vabilo-Meghivo_PRISKA_KULCAR_2023.jpg\" data-lbwps-width=\"3507\" data-lbwps-height=\"2480\" data-lbwps-srcsmall=\"https:\/\/www.gml.si\/wp-content\/uploads\/2023\/10\/Vabilo-Meghivo_PRISKA_KULCAR_2023.jpg\"><img loading=\"lazy\" decoding=\"async\" class=\"size-large wp-image-17249 alignleft\" src=\"http:\/\/www.gml.si\/wp-content\/uploads\/2023\/10\/Vabilo-Meghivo_PRISKA_KULCAR_2023-scaled-1024x724.jpg\" alt=\"\" width=\"1024\" height=\"724\" srcset=\"https:\/\/www.gml.si\/wp-content\/uploads\/2023\/10\/Vabilo-Meghivo_PRISKA_KULCAR_2023-scaled-1024x724.jpg 1024w, https:\/\/www.gml.si\/wp-content\/uploads\/2023\/10\/Vabilo-Meghivo_PRISKA_KULCAR_2023-scaled-500x354.jpg 500w\" sizes=\"auto, (max-width: 1024px) 100vw, 1024px\" \/><\/a>Megh\u00edv\u00f3<\/p>\n<p>Tisztelettel megh\u00edvjuk \u00d6n\u00f6ket<br \/>\n<strong>KUL\u010cAR PRISKA<\/strong>, <em><strong>Mini retrospekt\u00edv<\/strong><\/em><br \/>\nc. ki\u00e1ll\u00edt\u00e1s\u00e1nak megnyit\u00f3j\u00e1ra, amely 2023. okt\u00f3ber 27-\u00e9n,<br \/>\np\u00e9nteken, 18.00 \u00f3rakor lesz a <a href=\"https:\/\/sinagoga.gml.si\/hu\/\">lendvai zsinag\u00f3g\u00e1ban<\/a>.<\/p>\n<p>A ki\u00e1ll\u00edt\u00e1st megnyitj\u00e1k:<br \/>\n<em>Baumgartner Dubravko<\/em>, a Lendvai Gal\u00e9ria \u00e9s M\u00fazeum igazgat\u00f3ja,<br \/>\n<em>Ma\u0161a Hrustek Sobo\u010dan<\/em>, a Cs\u00e1ktornyai Murak\u00f6zi M\u00fazeum igazgat\u00f3ja,<br \/>\n<em>Franc Obal<\/em>, m\u0171v\u00e9szett\u00f6rt\u00e9n\u00e9sz<\/p>\n<p>A zenei m\u0171sorban k\u00f6zrem\u0171k\u00f6dik a Zeneiskola Lendva n\u00f6vend\u00e9ke: <br \/>\n<em>Mira Magdi\u010d<\/em>, klavir, 7. razred (mentor: Danica Ba\u0161a)<\/p>\n<p>A ki\u00e1ll\u00edt\u00e1s a <a href=\"https:\/\/mmc.hr\/\">Cs\u00e1ktornyai Murak\u00f6zi M\u00fazeum<\/a> egy\u00fcttm\u0171k\u00f6d\u00e9s\u00e9vel j\u00f6tt l\u00e9tre.<\/p>\n","protected":false},"excerpt":{"rendered":"<p>Tisztelettel megh\u00edvjuk \u00d6n\u00f6ket KUL\u010cAR PRISKA, Mini retrospekt\u00edv c. ki\u00e1ll\u00edt\u00e1s\u00e1nak megnyit\u00f3j\u00e1ra, amely 2023. okt\u00f3ber 27-\u00e9n, p\u00e9nteken, 18.00 \u00f3rakor lesz a lendvai zsinag\u00f3g\u00e1ban. <a href=\"https:\/\/www.gml.si\/hu\/kiallitas-a-zsinagogaban-kulcar-priska-mini-retrospektiv\/\"><\/p>\n<p>B\u0151vebben <span class=\"meta-nav\">\u2192<\/span><\/a><\/p>\n","protected":false},"author":5,"featured_media":17251,"comment_status":"closed","ping_status":"closed","sticky":false,"template":"","format":"standard","meta":{"inline_featured_image":false,"footnotes":""},"categories":[66,58],"tags":[],"class_list":["post-17254","post","type-post","status-publish","format-standard","has-post-thumbnail","hentry","category-elozo","category-hirek"],"_links":{"self":[{"href":"https:\/\/www.gml.si\/hu\/wp-json\/wp\/v2\/posts\/17254","targetHints":{"allow":["GET"]}}],"collection":[{"href":"https:\/\/www.gml.si\/hu\/wp-json\/wp\/v2\/posts"}],"about":[{"href":"https:\/\/www.gml.si\/hu\/wp-json\/wp\/v2\/types\/post"}],"author":[{"embeddable":true,"href":"https:\/\/www.gml.si\/hu\/wp-json\/wp\/v2\/users\/5"}],"replies":[{"embeddable":true,"href":"https:\/\/www.gml.si\/hu\/wp-json\/wp\/v2\/comments?post=17254"}],"version-history":[{"count":5,"href":"https:\/\/www.gml.si\/hu\/wp-json\/wp\/v2\/posts\/17254\/revisions"}],"predecessor-version":[{"id":17264,"href":"https:\/\/www.gml.si\/hu\/wp-json\/wp\/v2\/posts\/17254\/revisions\/17264"}],"wp:featuredmedia":[{"embeddable":true,"href":"https:\/\/www.gml.si\/hu\/wp-json\/wp\/v2\/media\/17251"}],"wp:attachment":[{"href":"https:\/\/www.gml.si\/hu\/wp-json\/wp\/v2\/media?parent=17254"}],"wp:term":[{"taxonomy":"category","embeddable":true,"href":"https:\/\/www.gml.si\/hu\/wp-json\/wp\/v2\/categories?post=17254"},{"taxonomy":"post_tag","embeddable":true,"href":"https:\/\/www.gml.si\/hu\/wp-json\/wp\/v2\/tags?post=17254"}],"curies":[{"name":"wp","href":"https:\/\/api.w.org\/{rel}","templated":true}]}}