{"id":17386,"date":"2023-11-29T10:48:37","date_gmt":"2023-11-29T09:48:37","guid":{"rendered":"https:\/\/www.gml.si\/?p=17386"},"modified":"2023-11-29T10:48:48","modified_gmt":"2023-11-29T09:48:48","slug":"kepzomuveszeti-kiallitas-vis-a-vis","status":"publish","type":"post","link":"https:\/\/www.gml.si\/hu\/kepzomuveszeti-kiallitas-vis-a-vis\/","title":{"rendered":"K\u00c9PZ\u0150M\u0170V\u00c9SZETI KI\u00c1LL\u00cdT\u00c1S: Vis-\u00e0-vis"},"content":{"rendered":"<p>Ki\u00e1ll\u00edt\u00e1smegnyit\u00f3: Vis-\u00e0-vis<br \/>\n<strong>2023. december 1., p\u00e9ntek, 18.00, lendvai v\u00e1r<\/strong><\/p>\n<p>Samuel Grajfoner \u00e9s Jasmina Nedanovski, a Maribori Egyetem Pedag\u00f3giai Kara K\u00e9pz\u0151m\u0171v\u00e9szeti Tansz\u00e9k\u00e9nek rendes egyetemi tan\u00e1ra \u00e9s egykori tan\u00edtv\u00e1nya grafik\u00e1inak k\u00f6z\u00f6s ki\u00e1ll\u00edt\u00e1sa.<\/p>\n<p>A ki\u00e1ll\u00edt\u00e1s 2014. m\u00e1rcius 24-ig tekinthet\u0151 meg.<\/p>\n<p><em>Sok szerettel v\u00e1runk minden \u00e9rdekl\u0151d\u0151t!<br \/>\n<\/em><\/p>\n<p><a href=\"https:\/\/www.gml.si\/wp-content\/uploads\/2023\/11\/Vabilo_Meghivo_Vis-a_vis_2023.jpg\" data-lbwps-width=\"3507\" data-lbwps-height=\"2480\" data-lbwps-srcsmall=\"https:\/\/www.gml.si\/wp-content\/uploads\/2023\/11\/Vabilo_Meghivo_Vis-a_vis_2023.jpg\"><img loading=\"lazy\" decoding=\"async\" class=\"alignleft size-large wp-image-17377\" src=\"http:\/\/www.gml.si\/wp-content\/uploads\/2023\/11\/Vabilo_Meghivo_Vis-a_vis_2023-scaled-1024x724.jpg\" alt=\"\" width=\"1024\" height=\"724\" srcset=\"https:\/\/www.gml.si\/wp-content\/uploads\/2023\/11\/Vabilo_Meghivo_Vis-a_vis_2023-scaled-1024x724.jpg 1024w, https:\/\/www.gml.si\/wp-content\/uploads\/2023\/11\/Vabilo_Meghivo_Vis-a_vis_2023-scaled-500x354.jpg 500w\" sizes=\"auto, (max-width: 1024px) 100vw, 1024px\" \/><\/a><\/p>\n","protected":false},"excerpt":{"rendered":"<p>Sok szerettel megh\u00edvjuk \u00d6n\u00f6ket a Vis-\u00e0-vis c\u00edm\u0171 k\u00e9pz\u0151m\u0171v\u00e9szeti ki\u00e1ll\u00edt\u00e1s megnyit\u00f3j\u00e1ra, amely 2023. december 1-\u00e9n, 18 \u00f3rakor lesz a lendvai v\u00e1rban. <a href=\"https:\/\/www.gml.si\/hu\/kepzomuveszeti-kiallitas-vis-a-vis\/\"><\/p>\n<p>B\u0151vebben <span class=\"meta-nav\">\u2192<\/span><\/a><\/p>\n","protected":false},"author":5,"featured_media":17379,"comment_status":"closed","ping_status":"closed","sticky":false,"template":"","format":"standard","meta":{"inline_featured_image":false,"footnotes":""},"categories":[66,58],"tags":[],"class_list":["post-17386","post","type-post","status-publish","format-standard","has-post-thumbnail","hentry","category-elozo","category-hirek"],"_links":{"self":[{"href":"https:\/\/www.gml.si\/hu\/wp-json\/wp\/v2\/posts\/17386","targetHints":{"allow":["GET"]}}],"collection":[{"href":"https:\/\/www.gml.si\/hu\/wp-json\/wp\/v2\/posts"}],"about":[{"href":"https:\/\/www.gml.si\/hu\/wp-json\/wp\/v2\/types\/post"}],"author":[{"embeddable":true,"href":"https:\/\/www.gml.si\/hu\/wp-json\/wp\/v2\/users\/5"}],"replies":[{"embeddable":true,"href":"https:\/\/www.gml.si\/hu\/wp-json\/wp\/v2\/comments?post=17386"}],"version-history":[{"count":2,"href":"https:\/\/www.gml.si\/hu\/wp-json\/wp\/v2\/posts\/17386\/revisions"}],"predecessor-version":[{"id":17388,"href":"https:\/\/www.gml.si\/hu\/wp-json\/wp\/v2\/posts\/17386\/revisions\/17388"}],"wp:featuredmedia":[{"embeddable":true,"href":"https:\/\/www.gml.si\/hu\/wp-json\/wp\/v2\/media\/17379"}],"wp:attachment":[{"href":"https:\/\/www.gml.si\/hu\/wp-json\/wp\/v2\/media?parent=17386"}],"wp:term":[{"taxonomy":"category","embeddable":true,"href":"https:\/\/www.gml.si\/hu\/wp-json\/wp\/v2\/categories?post=17386"},{"taxonomy":"post_tag","embeddable":true,"href":"https:\/\/www.gml.si\/hu\/wp-json\/wp\/v2\/tags?post=17386"}],"curies":[{"name":"wp","href":"https:\/\/api.w.org\/{rel}","templated":true}]}}