{"id":17476,"date":"2024-02-05T12:27:43","date_gmt":"2024-02-05T11:27:43","guid":{"rendered":"https:\/\/www.gml.si\/?p=17476"},"modified":"2024-02-06T12:30:08","modified_gmt":"2024-02-06T11:30:08","slug":"a-szloven-kultura-napja-2024","status":"publish","type":"post","link":"https:\/\/www.gml.si\/hu\/a-szloven-kultura-napja-2024\/","title":{"rendered":"A SZLOV\u00c9N KULT\u00daRA NAPJA 2024"},"content":{"rendered":"<p>UTOLS\u00d3 LEHET\u0150S\u00c9G INGYENES MEGTEKINT\u00c9SRE:<br \/>\n&#8211; 450 \u00e9ves az els\u0151 lendvai k\u00f6nyv (Polg\u00e1rs\u00e1g M\u00fazeuma)<br \/>\n&#8211; Kul\u010dar Priska (Lendvai Zsinag\u00f3ga)<br \/>\n&#8211; Vis-a-vis (lendvai v\u00e1r)<\/p>\n<p>Mindenkit szeretettel v\u00e1runk <strong>2024. febru\u00e1r 8-\u00e1n, cs\u00fct\u00f6rt\u00f6k\u00f6n<\/strong>, a szlov\u00e9n kult\u00fara napja alkalm\u00e1b\u00f3l \u00e1lland\u00f3 \u00e9s id\u0151szaki ki\u00e1ll\u00edt\u00e1saink d\u00edjtalan megtekint\u00e9s\u00e9re.<\/p>\n<p>\u00dcnnepnapi nyitvatart\u00e1s: 10 \u00e9s 14 \u00f3ra k\u00f6z\u00f6tt.<\/p>\n<p><a href=\"http:\/\/www.gml.si\/wp-content\/uploads\/2024\/02\/slovkultpraznik_2024.jpg\" data-lbwps-width=\"2048\" data-lbwps-height=\"1448\" data-lbwps-srcsmall=\"https:\/\/www.gml.si\/wp-content\/uploads\/2024\/02\/slovkultpraznik_2024-500x354.jpg\"><img loading=\"lazy\" decoding=\"async\" class=\"alignnone size-large wp-image-17474\" src=\"http:\/\/www.gml.si\/wp-content\/uploads\/2024\/02\/slovkultpraznik_2024-1024x724.jpg\" alt=\"\" width=\"640\" height=\"453\" srcset=\"https:\/\/www.gml.si\/wp-content\/uploads\/2024\/02\/slovkultpraznik_2024-1024x724.jpg 1024w, https:\/\/www.gml.si\/wp-content\/uploads\/2024\/02\/slovkultpraznik_2024-500x354.jpg 500w, https:\/\/www.gml.si\/wp-content\/uploads\/2024\/02\/slovkultpraznik_2024-768x543.jpg 768w, https:\/\/www.gml.si\/wp-content\/uploads\/2024\/02\/slovkultpraznik_2024-1536x1086.jpg 1536w, https:\/\/www.gml.si\/wp-content\/uploads\/2024\/02\/slovkultpraznik_2024.jpg 2048w\" sizes=\"auto, (max-width: 640px) 100vw, 640px\" \/><\/a><\/p>\n","protected":false},"excerpt":{"rendered":"<p>Mindenkit szeretettel v\u00e1runk <strong>2024. febru\u00e1r 8-\u00e1n, cs\u00fct\u00f6rt\u00f6k\u00f6n<\/strong>, a szlov\u00e9n kult\u00fara napja alkalm\u00e1b\u00f3l \u00e1lland\u00f3 \u00e9s id\u0151szaki ki\u00e1ll\u00edt\u00e1saink d\u00edjtalan megtekint\u00e9s\u00e9re. \u00dcnnepnapi nyitvatart\u00e1s: 10 \u00e9s 14 \u00f3ra k\u00f6z\u00f6tt. <a href=\"https:\/\/www.gml.si\/hu\/a-szloven-kultura-napja-2024\/\"><\/p>\n<p>B\u0151vebben <span class=\"meta-nav\">\u2192<\/span><\/a><\/p>\n","protected":false},"author":5,"featured_media":17474,"comment_status":"closed","ping_status":"closed","sticky":false,"template":"","format":"standard","meta":{"inline_featured_image":false,"footnotes":""},"categories":[58],"tags":[],"class_list":["post-17476","post","type-post","status-publish","format-standard","has-post-thumbnail","hentry","category-hirek"],"_links":{"self":[{"href":"https:\/\/www.gml.si\/hu\/wp-json\/wp\/v2\/posts\/17476","targetHints":{"allow":["GET"]}}],"collection":[{"href":"https:\/\/www.gml.si\/hu\/wp-json\/wp\/v2\/posts"}],"about":[{"href":"https:\/\/www.gml.si\/hu\/wp-json\/wp\/v2\/types\/post"}],"author":[{"embeddable":true,"href":"https:\/\/www.gml.si\/hu\/wp-json\/wp\/v2\/users\/5"}],"replies":[{"embeddable":true,"href":"https:\/\/www.gml.si\/hu\/wp-json\/wp\/v2\/comments?post=17476"}],"version-history":[{"count":3,"href":"https:\/\/www.gml.si\/hu\/wp-json\/wp\/v2\/posts\/17476\/revisions"}],"predecessor-version":[{"id":17480,"href":"https:\/\/www.gml.si\/hu\/wp-json\/wp\/v2\/posts\/17476\/revisions\/17480"}],"wp:featuredmedia":[{"embeddable":true,"href":"https:\/\/www.gml.si\/hu\/wp-json\/wp\/v2\/media\/17474"}],"wp:attachment":[{"href":"https:\/\/www.gml.si\/hu\/wp-json\/wp\/v2\/media?parent=17476"}],"wp:term":[{"taxonomy":"category","embeddable":true,"href":"https:\/\/www.gml.si\/hu\/wp-json\/wp\/v2\/categories?post=17476"},{"taxonomy":"post_tag","embeddable":true,"href":"https:\/\/www.gml.si\/hu\/wp-json\/wp\/v2\/tags?post=17476"}],"curies":[{"name":"wp","href":"https:\/\/api.w.org\/{rel}","templated":true}]}}