{"id":17676,"date":"2024-05-06T22:02:12","date_gmt":"2024-05-06T20:02:12","guid":{"rendered":"https:\/\/www.gml.si\/?p=17676"},"modified":"2024-05-06T22:02:12","modified_gmt":"2024-05-06T20:02:12","slug":"a-pannonia-reflections-nemzetkozi-fotomuveszeti-szalon-10-eve","status":"publish","type":"post","link":"https:\/\/www.gml.si\/hu\/a-pannonia-reflections-nemzetkozi-fotomuveszeti-szalon-10-eve\/","title":{"rendered":"A PANNONIA REFLECTIONS NEMZETK\u00d6ZI FOT\u00d3M\u0170V\u00c9SZETI SZALON 10 \u00c9VE"},"content":{"rendered":"<p>A lendvai Pannonia Fot\u00f3m\u0171v\u00e9szeti Egyes\u00fclet egy\u00fcttm\u0171k\u00f6dve a Lendvai Gal\u00e9ria \u00e9s M\u00fazeummal \u00e9s a \u0110ur\u0111evac-i V\u00e1rosi M\u00fazeummal A PANNONIA REFLECTIONS NEMZETK\u00d6ZI FOT\u00d3M\u0170V\u00c9SZETI SZALON 10 \u00c9VE c\u00edm\u0171 ki\u00e1ll\u00edt\u00e1st rendez, amelynek megnyit\u00f3j\u00e1ra <strong>2024. m\u00e1jus 10-\u00e9n, p\u00e9nteken 19.00 \u00f3rakor<\/strong> ker\u00fcl sor a <a href=\"https:\/\/muzej-djurdjevac.hr\/\">\u0110ur\u0111evac-i V\u00e1rosi M\u00fazeumban<\/a>.<\/p>\n<p><a href=\"http:\/\/www.gml.si\/wp-content\/uploads\/2024\/05\/POZIVNICA_10godina_PR.jpg\" data-lbwps-width=\"2000\" data-lbwps-height=\"1381\" data-lbwps-srcsmall=\"https:\/\/www.gml.si\/wp-content\/uploads\/2024\/05\/POZIVNICA_10godina_PR-500x345.jpg\"><img loading=\"lazy\" decoding=\"async\" class=\"alignnone size-large wp-image-17670\" src=\"http:\/\/www.gml.si\/wp-content\/uploads\/2024\/05\/POZIVNICA_10godina_PR-1024x707.jpg\" alt=\"\" width=\"640\" height=\"442\" srcset=\"https:\/\/www.gml.si\/wp-content\/uploads\/2024\/05\/POZIVNICA_10godina_PR-1024x707.jpg 1024w, https:\/\/www.gml.si\/wp-content\/uploads\/2024\/05\/POZIVNICA_10godina_PR-500x345.jpg 500w, https:\/\/www.gml.si\/wp-content\/uploads\/2024\/05\/POZIVNICA_10godina_PR-768x530.jpg 768w, https:\/\/www.gml.si\/wp-content\/uploads\/2024\/05\/POZIVNICA_10godina_PR-1536x1061.jpg 1536w, https:\/\/www.gml.si\/wp-content\/uploads\/2024\/05\/POZIVNICA_10godina_PR.jpg 2000w\" sizes=\"auto, (max-width: 640px) 100vw, 640px\" \/><\/a><\/p>\n<p>Kapcsolatok:<\/p>\n<p><i class=\"wp-svg-link link\"><\/i> <a href=\"https:\/\/muzej-djurdjevac.hr\/\">https:\/\/muzej-djurdjevac.hr\/<\/a><br \/>\n<i class=\"wp-svg-link link\"><\/i> <a href=\"http:\/\/www.pannonia.si\/\">http:\/\/www.pannonia.si\/<\/a> <br \/>\n<i class=\"wp-svg-facebook-2 facebook-2\"><\/i> <a href=\"https:\/\/www.facebook.com\/profile.php?id=100060918438526\">Facebook: Pannonia Reflections<\/a><br \/>\n<i class=\"wp-svg-facebook-2 facebook-2\"><\/i> <a href=\"https:\/\/www.facebook.com\/galerijamuzej.lendava\">Facebook: Galerija-Muzej Lendava<\/a><br \/>\n<i class=\"wp-svg-instagram instagram\"><\/i> <a href=\"https:\/\/www.instagram.com\/gml_lendava\/\">https:\/\/www.instagram.com\/gml_lendava\/<\/a><\/p>\n","protected":false},"excerpt":{"rendered":"<p>A lendvai Pannonia Fot\u00f3m\u0171v\u00e9szeti Egyes\u00fclet egy\u00fcttm\u0171k\u00f6dve a Lendvai Gal\u00e9ria \u00e9s M\u00fazeummal \u00e9s a \u0110ur\u0111evac-i V\u00e1rosi M\u00fazeummal A PANNONIA REFLECTIONS NEMZETK\u00d6ZI FOT\u00d3M\u0170V\u00c9SZETI SZALON 10 \u00c9VE c\u00edm\u0171 ki\u00e1ll\u00edt\u00e1st rendez, amelynek megnyit\u00f3j\u00e1ra <strong>2024. m\u00e1jus 10-\u00e9n, p\u00e9nteken 19.00 \u00f3rakor<\/strong> ker\u00fcl sor a \u0110ur\u0111evac-i V\u00e1rosi M\u00fazeumban. <a href=\"https:\/\/www.gml.si\/hu\/a-pannonia-reflections-nemzetkozi-fotomuveszeti-szalon-10-eve\/\"><\/p>\n<p>B\u0151vebben <span class=\"meta-nav\">\u2192<\/span><\/a><\/p>\n","protected":false},"author":5,"featured_media":17672,"comment_status":"closed","ping_status":"closed","sticky":false,"template":"","format":"standard","meta":{"inline_featured_image":false,"footnotes":""},"categories":[66,58],"tags":[],"class_list":["post-17676","post","type-post","status-publish","format-standard","has-post-thumbnail","hentry","category-elozo","category-hirek"],"_links":{"self":[{"href":"https:\/\/www.gml.si\/hu\/wp-json\/wp\/v2\/posts\/17676","targetHints":{"allow":["GET"]}}],"collection":[{"href":"https:\/\/www.gml.si\/hu\/wp-json\/wp\/v2\/posts"}],"about":[{"href":"https:\/\/www.gml.si\/hu\/wp-json\/wp\/v2\/types\/post"}],"author":[{"embeddable":true,"href":"https:\/\/www.gml.si\/hu\/wp-json\/wp\/v2\/users\/5"}],"replies":[{"embeddable":true,"href":"https:\/\/www.gml.si\/hu\/wp-json\/wp\/v2\/comments?post=17676"}],"version-history":[{"count":1,"href":"https:\/\/www.gml.si\/hu\/wp-json\/wp\/v2\/posts\/17676\/revisions"}],"predecessor-version":[{"id":17677,"href":"https:\/\/www.gml.si\/hu\/wp-json\/wp\/v2\/posts\/17676\/revisions\/17677"}],"wp:featuredmedia":[{"embeddable":true,"href":"https:\/\/www.gml.si\/hu\/wp-json\/wp\/v2\/media\/17672"}],"wp:attachment":[{"href":"https:\/\/www.gml.si\/hu\/wp-json\/wp\/v2\/media?parent=17676"}],"wp:term":[{"taxonomy":"category","embeddable":true,"href":"https:\/\/www.gml.si\/hu\/wp-json\/wp\/v2\/categories?post=17676"},{"taxonomy":"post_tag","embeddable":true,"href":"https:\/\/www.gml.si\/hu\/wp-json\/wp\/v2\/tags?post=17676"}],"curies":[{"name":"wp","href":"https:\/\/api.w.org\/{rel}","templated":true}]}}