{"id":17887,"date":"2024-08-20T19:17:13","date_gmt":"2024-08-20T17:17:13","guid":{"rendered":"https:\/\/www.gml.si\/?p=17887"},"modified":"2024-08-20T19:17:13","modified_gmt":"2024-08-20T17:17:13","slug":"szobraszati-kiallitas-nedim-hadzi-ahmetovic-mafa-korona-retrospektiv","status":"publish","type":"post","link":"https:\/\/www.gml.si\/hu\/szobraszati-kiallitas-nedim-hadzi-ahmetovic-mafa-korona-retrospektiv\/","title":{"rendered":"SZOBR\u00c1SZATI KI\u00c1LL\u00cdT\u00c1S: Nedim Had\u017ei Ahmetovi\u0107 Mafa \u2013 Korona retrospekt\u00edv"},"content":{"rendered":"<p>Megh\u00edv\u00f3<\/p>\n<p>Tisztelettel megh\u00edvjuk \u00d6nt \u00e9s Kedves Bar\u00e1tait <strong>Nedim Had\u017ei Ahmetovi\u0107 Mafa<\/strong> szerb szobr\u00e1sz <strong><em>Korona retrospekt\u00edv<\/em><\/strong> c\u00edm\u0171 ki\u00e1ll\u00edt\u00e1s\u00e1nak megnyit\u00f3j\u00e1ra, amely 2024. augusztus 23-\u00e1n, p\u00e9nteken, 19.00 \u00f3rakor lesz a lendvai v\u00e1r pinc\u00e9j\u00e9ben.<\/p>\n<p>&nbsp;<\/p>\n<p><a href=\"http:\/\/www.gml.si\/wp-content\/uploads\/2024\/08\/Vabilo-Meghivo_Nedim-Hadzi-Ahmetovic-Mafa.jpg\" data-lbwps-width=\"3487\" data-lbwps-height=\"2446\" data-lbwps-srcsmall=\"https:\/\/www.gml.si\/wp-content\/uploads\/2024\/08\/Vabilo-Meghivo_Nedim-Hadzi-Ahmetovic-Mafa-500x351.jpg\"><img loading=\"lazy\" decoding=\"async\" class=\"alignnone size-large wp-image-17879\" src=\"https:\/\/www.gml.si\/wp-content\/uploads\/2024\/08\/Vabilo-Meghivo_Nedim-Hadzi-Ahmetovic-Mafa-1024x718.jpg\" alt=\"\" width=\"640\" height=\"449\" srcset=\"https:\/\/www.gml.si\/wp-content\/uploads\/2024\/08\/Vabilo-Meghivo_Nedim-Hadzi-Ahmetovic-Mafa-1024x718.jpg 1024w, https:\/\/www.gml.si\/wp-content\/uploads\/2024\/08\/Vabilo-Meghivo_Nedim-Hadzi-Ahmetovic-Mafa-500x351.jpg 500w, https:\/\/www.gml.si\/wp-content\/uploads\/2024\/08\/Vabilo-Meghivo_Nedim-Hadzi-Ahmetovic-Mafa-768x539.jpg 768w, https:\/\/www.gml.si\/wp-content\/uploads\/2024\/08\/Vabilo-Meghivo_Nedim-Hadzi-Ahmetovic-Mafa-1536x1077.jpg 1536w, https:\/\/www.gml.si\/wp-content\/uploads\/2024\/08\/Vabilo-Meghivo_Nedim-Hadzi-Ahmetovic-Mafa-2048x1437.jpg 2048w\" sizes=\"auto, (max-width: 640px) 100vw, 640px\" \/><\/a><\/p>\n","protected":false},"excerpt":{"rendered":"<p>Tisztelettel megh\u00edvjuk \u00d6nt \u00e9s Kedves Bar\u00e1tait Nedim Had\u017ei Ahmetovi\u0107 Mafa szerb szobr\u00e1sz Korona retrospekt\u00edv c\u00edm\u0171 ki\u00e1ll\u00edt\u00e1s\u00e1nak megnyit\u00f3j\u00e1ra, amely 2024. augusztus 23-\u00e1n, p\u00e9nteken, 19.00 \u00f3rakor lesz a lendvai v\u00e1r pinc\u00e9j\u00e9ben. <a href=\"https:\/\/www.gml.si\/hu\/szobraszati-kiallitas-nedim-hadzi-ahmetovic-mafa-korona-retrospektiv\/\"><\/p>\n<p>B\u0151vebben <span class=\"meta-nav\">\u2192<\/span><\/a><\/p>\n","protected":false},"author":5,"featured_media":17884,"comment_status":"closed","ping_status":"closed","sticky":false,"template":"","format":"standard","meta":{"inline_featured_image":false,"footnotes":""},"categories":[66,58],"tags":[],"class_list":["post-17887","post","type-post","status-publish","format-standard","has-post-thumbnail","hentry","category-elozo","category-hirek"],"_links":{"self":[{"href":"https:\/\/www.gml.si\/hu\/wp-json\/wp\/v2\/posts\/17887","targetHints":{"allow":["GET"]}}],"collection":[{"href":"https:\/\/www.gml.si\/hu\/wp-json\/wp\/v2\/posts"}],"about":[{"href":"https:\/\/www.gml.si\/hu\/wp-json\/wp\/v2\/types\/post"}],"author":[{"embeddable":true,"href":"https:\/\/www.gml.si\/hu\/wp-json\/wp\/v2\/users\/5"}],"replies":[{"embeddable":true,"href":"https:\/\/www.gml.si\/hu\/wp-json\/wp\/v2\/comments?post=17887"}],"version-history":[{"count":1,"href":"https:\/\/www.gml.si\/hu\/wp-json\/wp\/v2\/posts\/17887\/revisions"}],"predecessor-version":[{"id":17888,"href":"https:\/\/www.gml.si\/hu\/wp-json\/wp\/v2\/posts\/17887\/revisions\/17888"}],"wp:featuredmedia":[{"embeddable":true,"href":"https:\/\/www.gml.si\/hu\/wp-json\/wp\/v2\/media\/17884"}],"wp:attachment":[{"href":"https:\/\/www.gml.si\/hu\/wp-json\/wp\/v2\/media?parent=17887"}],"wp:term":[{"taxonomy":"category","embeddable":true,"href":"https:\/\/www.gml.si\/hu\/wp-json\/wp\/v2\/categories?post=17887"},{"taxonomy":"post_tag","embeddable":true,"href":"https:\/\/www.gml.si\/hu\/wp-json\/wp\/v2\/tags?post=17887"}],"curies":[{"name":"wp","href":"https:\/\/api.w.org\/{rel}","templated":true}]}}