{"id":19068,"date":"2025-10-17T20:59:58","date_gmt":"2025-10-17T18:59:58","guid":{"rendered":"https:\/\/www.gml.si\/?p=19068"},"modified":"2025-11-03T15:13:58","modified_gmt":"2025-11-03T14:13:58","slug":"kiallitas-lendva-regi-fenykepeken","status":"publish","type":"post","link":"https:\/\/www.gml.si\/hu\/kiallitas-lendva-regi-fenykepeken\/","title":{"rendered":"KI\u00c1LL\u00cdT\u00c1S: Lendva r\u00e9gi f\u00e9nyk\u00e9peken"},"content":{"rendered":"<p>Megh\u00edv\u00f3<\/p>\n<p>A Lendvai Gal\u00e9ria \u00e9s M\u00fazeum \u00e9s Lendva K\u00f6zs\u00e9g a k\u00f6zs\u00e9gi \u00fcnnep keret\u00e9ben tisztelettel megh\u00edvja \u00d6nt \u00e9s Kedves Bar\u00e1tait <strong>2025. okt\u00f3ber 24-\u00e9n, 17 \u00f3r\u00e1ra<\/strong> a <a href=\"https:\/\/www.kkl.si\/hu\/\">Lendvai Kult\u00far\u00e1lis K\u00f6zpontba<\/a> a <strong>Lendva r\u00e9gi f\u00e9nyk\u00e9peken<\/strong> c\u00edm\u0171 ki\u00e1ll\u00edt\u00e1s\u00e1nak megnyit\u00f3j\u00e1ra, amelyet dr. Lendvai Kepe Zolt\u00e1n m\u00fazeumi tan\u00e1csos, a ki\u00e1ll\u00edt\u00e1s szerz\u0151je mutat be.<\/p>\n<p><em>Szeretettel v\u00e1rjuk!<\/em><\/p>\n<p>A ki\u00e1ll\u00edt\u00e1s november v\u00e9g\u00e9ig tekinthet\u0151 meg.<\/p>\n<p><a href=\"https:\/\/www.gml.si\/wp-content\/uploads\/2025\/10\/Vabilo-Meghivo_LENDAVA-LENDVA_stare_foto.jpg\" data-lbwps-width=\"2480\" data-lbwps-height=\"3507\" data-lbwps-srcsmall=\"https:\/\/www.gml.si\/wp-content\/uploads\/2025\/10\/Vabilo-Meghivo_LENDAVA-LENDVA_stare_foto-354x500.jpg\"><img loading=\"lazy\" decoding=\"async\" class=\"alignnone size-large wp-image-19064\" src=\"https:\/\/www.gml.si\/wp-content\/uploads\/2025\/10\/Vabilo-Meghivo_LENDAVA-LENDVA_stare_foto-724x1024.jpg\" alt=\"\" width=\"640\" height=\"905\" srcset=\"https:\/\/www.gml.si\/wp-content\/uploads\/2025\/10\/Vabilo-Meghivo_LENDAVA-LENDVA_stare_foto-724x1024.jpg 724w, https:\/\/www.gml.si\/wp-content\/uploads\/2025\/10\/Vabilo-Meghivo_LENDAVA-LENDVA_stare_foto-354x500.jpg 354w, https:\/\/www.gml.si\/wp-content\/uploads\/2025\/10\/Vabilo-Meghivo_LENDAVA-LENDVA_stare_foto-768x1086.jpg 768w, https:\/\/www.gml.si\/wp-content\/uploads\/2025\/10\/Vabilo-Meghivo_LENDAVA-LENDVA_stare_foto-1086x1536.jpg 1086w, https:\/\/www.gml.si\/wp-content\/uploads\/2025\/10\/Vabilo-Meghivo_LENDAVA-LENDVA_stare_foto-1448x2048.jpg 1448w, https:\/\/www.gml.si\/wp-content\/uploads\/2025\/10\/Vabilo-Meghivo_LENDAVA-LENDVA_stare_foto-scaled.jpg 1810w\" sizes=\"auto, (max-width: 640px) 100vw, 640px\" \/><\/a><\/p>\n<p><span style=\"font-size: 10px;\">Az esem\u00e9nyt fot\u00f3n \u00e9s videon r\u00f6gz\u00edtj\u00fck.<\/span><\/p>\n","protected":false},"excerpt":{"rendered":"<p>A Lendvai Gal\u00e9ria \u00e9s M\u00fazeum \u00e9s Lendva K\u00f6zs\u00e9g a k\u00f6zs\u00e9gi \u00fcnnep keret\u00e9ben tisztelettel megh\u00edvja \u00d6nt \u00e9s Kedves Bar\u00e1tait 2025. okt\u00f3ber 24-\u00e9n, 17 \u00f3r\u00e1ra a Lendvai Kult\u00far\u00e1lis K\u00f6zpontba a Lendva r\u00e9gi f\u00e9nyk\u00e9peken c\u00edm\u0171 ki\u00e1ll\u00edt\u00e1s\u00e1nak megnyit\u00f3j\u00e1ra. <a href=\"https:\/\/www.gml.si\/hu\/kiallitas-lendva-regi-fenykepeken\/\"><\/p>\n<p>B\u0151vebben <span class=\"meta-nav\">\u2192<\/span><\/a><\/p>\n","protected":false},"author":5,"featured_media":19066,"comment_status":"closed","ping_status":"closed","sticky":false,"template":"","format":"standard","meta":{"inline_featured_image":false,"footnotes":""},"categories":[66,58],"tags":[],"class_list":["post-19068","post","type-post","status-publish","format-standard","has-post-thumbnail","hentry","category-elozo","category-hirek"],"_links":{"self":[{"href":"https:\/\/www.gml.si\/hu\/wp-json\/wp\/v2\/posts\/19068","targetHints":{"allow":["GET"]}}],"collection":[{"href":"https:\/\/www.gml.si\/hu\/wp-json\/wp\/v2\/posts"}],"about":[{"href":"https:\/\/www.gml.si\/hu\/wp-json\/wp\/v2\/types\/post"}],"author":[{"embeddable":true,"href":"https:\/\/www.gml.si\/hu\/wp-json\/wp\/v2\/users\/5"}],"replies":[{"embeddable":true,"href":"https:\/\/www.gml.si\/hu\/wp-json\/wp\/v2\/comments?post=19068"}],"version-history":[{"count":5,"href":"https:\/\/www.gml.si\/hu\/wp-json\/wp\/v2\/posts\/19068\/revisions"}],"predecessor-version":[{"id":19105,"href":"https:\/\/www.gml.si\/hu\/wp-json\/wp\/v2\/posts\/19068\/revisions\/19105"}],"wp:featuredmedia":[{"embeddable":true,"href":"https:\/\/www.gml.si\/hu\/wp-json\/wp\/v2\/media\/19066"}],"wp:attachment":[{"href":"https:\/\/www.gml.si\/hu\/wp-json\/wp\/v2\/media?parent=19068"}],"wp:term":[{"taxonomy":"category","embeddable":true,"href":"https:\/\/www.gml.si\/hu\/wp-json\/wp\/v2\/categories?post=19068"},{"taxonomy":"post_tag","embeddable":true,"href":"https:\/\/www.gml.si\/hu\/wp-json\/wp\/v2\/tags?post=19068"}],"curies":[{"name":"wp","href":"https:\/\/api.w.org\/{rel}","templated":true}]}}