{"id":19156,"date":"2025-11-18T20:32:27","date_gmt":"2025-11-18T19:32:27","guid":{"rendered":"https:\/\/www.gml.si\/?p=19156"},"modified":"2026-02-03T19:20:21","modified_gmt":"2026-02-03T18:20:21","slug":"kepzomuveszeti-kiallitas-24-nemzetkozi-muvesztelep-szentgotthard","status":"publish","type":"post","link":"https:\/\/www.gml.si\/hu\/kepzomuveszeti-kiallitas-24-nemzetkozi-muvesztelep-szentgotthard\/","title":{"rendered":"K\u00c9PZ\u0150M\u0170V\u00c9SZETI KI\u00c1LL\u00cdT\u00c1S: 24. Nemzetk\u00f6zi M\u0171v\u00e9sztelep, Szentgotth\u00e1rd"},"content":{"rendered":"<p><a href=\"https:\/\/www.gml.si\/wp-content\/uploads\/2025\/11\/Vabilo_24MLK_Monoster.jpg\" data-lbwps-width=\"3507\" data-lbwps-height=\"2480\" data-lbwps-srcsmall=\"https:\/\/www.gml.si\/wp-content\/uploads\/2025\/11\/Vabilo_24MLK_Monoster-500x354.jpg\"><img loading=\"lazy\" decoding=\"async\" class=\"alignnone size-large wp-image-19153\" src=\"https:\/\/www.gml.si\/wp-content\/uploads\/2025\/11\/Vabilo_24MLK_Monoster-1024x724.jpg\" alt=\"\" width=\"640\" height=\"453\" srcset=\"https:\/\/www.gml.si\/wp-content\/uploads\/2025\/11\/Vabilo_24MLK_Monoster-1024x724.jpg 1024w, https:\/\/www.gml.si\/wp-content\/uploads\/2025\/11\/Vabilo_24MLK_Monoster-500x354.jpg 500w, https:\/\/www.gml.si\/wp-content\/uploads\/2025\/11\/Vabilo_24MLK_Monoster-768x543.jpg 768w, https:\/\/www.gml.si\/wp-content\/uploads\/2025\/11\/Vabilo_24MLK_Monoster-1536x1086.jpg 1536w, https:\/\/www.gml.si\/wp-content\/uploads\/2025\/11\/Vabilo_24MLK_Monoster-2048x1448.jpg 2048w\" sizes=\"auto, (max-width: 640px) 100vw, 640px\" \/><\/a><\/p>\n<p>MEGH\u00cdV\u00d3<\/p>\n<p>A Magyarorsz\u00e1gi Szlov\u00e9nek Sz\u00f6vets\u00e9ge, Szentgotth\u00e1rd V\u00e1ros \u00d6nkorm\u00e1nyzata \u00e9s a Gal\u00e9ria &#8211; M\u00fazeum Lendva tisztelettel megh\u00edvj\u00e1k \u00d6nt \u00e9s kedves ismer\u0151seit a <\/p>\n<p><span style=\"font-size: 20px;\">24. Nemzetk\u00f6zi M\u0171v\u00e9sztelep, Szentgotth\u00e1rd<\/span> <\/p>\n<p>alkot\u00e1saib\u00f3l rendezett ki\u00e1ll\u00edt\u00e1s megnyit\u00f3j\u00e1ra, amelyre <strong>2025. november 21-\u00e9n, p\u00e9nteken 17.00 \u00f3rakor<\/strong> ker\u00fcl sor Szentgotth\u00e1rdon a <a href=\"https:\/\/www.zveza.hu\/hu\/\">Szlov\u00e9n Kultur\u00e1lis \u00e9s Inform\u00e1ci\u00f3s K\u00f6zpontban<\/a>.<\/p>\n<p>A ki\u00e1ll\u00edt\u00e1st <em>mag. An\u017eej FRANGE\u0160<\/em>, a Szlov\u00e9n K\u00f6zt\u00e1rsas\u00e1g magyarorsz\u00e1gi nagyk\u00f6vete nyitja meg.\u00a0<\/p>\n<p>Szakmai m\u00e9ltat\u00e1st <em>Mario BERDI\u010c CODELLA<\/em> m\u0171v\u00e9szett\u00f6rt\u00e9n\u00e9sz tart.<\/p>\n","protected":false},"excerpt":{"rendered":"<p>A Magyarorsz\u00e1gi Szlov\u00e9nek Sz\u00f6vets\u00e9ge, Szentgotth\u00e1rd V\u00e1ros \u00d6nkorm\u00e1nyzata \u00e9s a Gal\u00e9ria &#8211; M\u00fazeum Lendva tisztelettel megh\u00edvj\u00e1k \u00d6nt \u00e9s kedves ismer\u0151seit a 24. Nemzetk\u00f6zi M\u0171v\u00e9sztelep, Szentgotth\u00e1rd alkot\u00e1saib\u00f3l rendezett ki\u00e1ll\u00edt\u00e1s megnyit\u00f3j\u00e1ra, amelyre 2025. november 21-\u00e9n, p\u00e9nteken 17.00 \u00f3rakor ker\u00fcl sor Szentgotth\u00e1rdon a Szlov\u00e9n Kultur\u00e1lis \u00e9s Inform\u00e1ci\u00f3s K\u00f6zpontban. <a href=\"https:\/\/www.gml.si\/hu\/kepzomuveszeti-kiallitas-24-nemzetkozi-muvesztelep-szentgotthard\/\"><\/p>\n<p>B\u0151vebben <span class=\"meta-nav\">\u2192<\/span><\/a><\/p>\n","protected":false},"author":5,"featured_media":19155,"comment_status":"closed","ping_status":"closed","sticky":false,"template":"","format":"standard","meta":{"inline_featured_image":false,"footnotes":""},"categories":[66,58],"tags":[],"class_list":["post-19156","post","type-post","status-publish","format-standard","has-post-thumbnail","hentry","category-elozo","category-hirek"],"_links":{"self":[{"href":"https:\/\/www.gml.si\/hu\/wp-json\/wp\/v2\/posts\/19156","targetHints":{"allow":["GET"]}}],"collection":[{"href":"https:\/\/www.gml.si\/hu\/wp-json\/wp\/v2\/posts"}],"about":[{"href":"https:\/\/www.gml.si\/hu\/wp-json\/wp\/v2\/types\/post"}],"author":[{"embeddable":true,"href":"https:\/\/www.gml.si\/hu\/wp-json\/wp\/v2\/users\/5"}],"replies":[{"embeddable":true,"href":"https:\/\/www.gml.si\/hu\/wp-json\/wp\/v2\/comments?post=19156"}],"version-history":[{"count":2,"href":"https:\/\/www.gml.si\/hu\/wp-json\/wp\/v2\/posts\/19156\/revisions"}],"predecessor-version":[{"id":19159,"href":"https:\/\/www.gml.si\/hu\/wp-json\/wp\/v2\/posts\/19156\/revisions\/19159"}],"wp:featuredmedia":[{"embeddable":true,"href":"https:\/\/www.gml.si\/hu\/wp-json\/wp\/v2\/media\/19155"}],"wp:attachment":[{"href":"https:\/\/www.gml.si\/hu\/wp-json\/wp\/v2\/media?parent=19156"}],"wp:term":[{"taxonomy":"category","embeddable":true,"href":"https:\/\/www.gml.si\/hu\/wp-json\/wp\/v2\/categories?post=19156"},{"taxonomy":"post_tag","embeddable":true,"href":"https:\/\/www.gml.si\/hu\/wp-json\/wp\/v2\/tags?post=19156"}],"curies":[{"name":"wp","href":"https:\/\/api.w.org\/{rel}","templated":true}]}}