{"id":19176,"date":"2025-11-28T08:06:27","date_gmt":"2025-11-28T07:06:27","guid":{"rendered":"https:\/\/www.gml.si\/?p=19176"},"modified":"2025-11-28T08:06:27","modified_gmt":"2025-11-28T07:06:27","slug":"kiallitas-a-zsinagogaban-fortuna-lazar-es-crtomir-just-face-off","status":"publish","type":"post","link":"https:\/\/www.gml.si\/hu\/kiallitas-a-zsinagogaban-fortuna-lazar-es-crtomir-just-face-off\/","title":{"rendered":"KI\u00c1LL\u00cdT\u00c1S A ZSINAG\u00d3G\u00c1BAN &#8211; Fortuna Lazar \u00e9s \u010crtomir Just: FACE OFF"},"content":{"rendered":"<p>Megh\u00edv\u00f3<\/p>\n<p>A Lendvai Gal\u00e9ria \u00e9s M\u00fazeum tisztelettel megh\u00edvja \u00d6nt \u00e9s Kedves Bar\u00e1tait<\/p>\n<p><span style=\"font-size: 20px;\">Fortuna Lazar \u00e9s \u010crtomir Just: FACE OFF<\/span><\/p>\n<p>c\u00edm\u0171 ki\u00e1ll\u00edt\u00e1s\u00e1nak megnyit\u00f3j\u00e1ra, amely <strong>2025. december 3-\u00e1n, szerd\u00e1n 18 \u00f3rakor<\/strong> lesz a lendvai zsinag\u00f3g\u00e1ban.<\/p>\n<p>A ki\u00e1ll\u00edt\u00e1st <em>Nina \u0160ardi<\/em> m\u0171v\u00e9szett\u00f6rt\u00e9n\u00e9sz nyitja meg.<\/p>\n<p>A zenei m\u0171sorban <em>DJ Kleemar<\/em> szerepel.<\/p>\n<p><em>A ki\u00e1ll\u00edt\u00e1s 2026. febru\u00e1r 3-ig lesz megtekinthet\u0151.<\/em><\/p>\n<p><a href=\"https:\/\/www.gml.si\/wp-content\/uploads\/2025\/11\/Vabilo-Meghivo_FACE_OFF.jpg\" data-lbwps-width=\"2480\" data-lbwps-height=\"3507\" data-lbwps-srcsmall=\"https:\/\/www.gml.si\/wp-content\/uploads\/2025\/11\/Vabilo-Meghivo_FACE_OFF-354x500.jpg\"><img loading=\"lazy\" decoding=\"async\" class=\"slika alignnone wp-image-19171 size-large\" src=\"https:\/\/www.gml.si\/wp-content\/uploads\/2025\/11\/Vabilo-Meghivo_FACE_OFF-724x1024.jpg\" alt=\"\" width=\"640\" height=\"905\" \/><\/a><\/p>\n","protected":false},"excerpt":{"rendered":"<p>A Lendvai Gal\u00e9ria \u00e9s M\u00fazeum tisztelettel megh\u00edvja \u00d6n\u00f6ket Fortuna Lazar \u00e9s \u010crtomir Just: FACE OFF c\u00edm\u0171 ki\u00e1ll\u00edt\u00e1s\u00e1nak megnyit\u00f3j\u00e1ra, amely 2025. december 3-\u00e1n, szerd\u00e1n 18 \u00f3rakor lesz a lendvai zsinag\u00f3g\u00e1ban. <a href=\"https:\/\/www.gml.si\/hu\/kiallitas-a-zsinagogaban-fortuna-lazar-es-crtomir-just-face-off\/\"><\/p>\n<p>B\u0151vebben <span class=\"meta-nav\">\u2192<\/span><\/a><\/p>\n","protected":false},"author":5,"featured_media":19175,"comment_status":"closed","ping_status":"closed","sticky":false,"template":"","format":"standard","meta":{"inline_featured_image":false,"footnotes":""},"categories":[66,58],"tags":[],"class_list":["post-19176","post","type-post","status-publish","format-standard","has-post-thumbnail","hentry","category-elozo","category-hirek"],"_links":{"self":[{"href":"https:\/\/www.gml.si\/hu\/wp-json\/wp\/v2\/posts\/19176","targetHints":{"allow":["GET"]}}],"collection":[{"href":"https:\/\/www.gml.si\/hu\/wp-json\/wp\/v2\/posts"}],"about":[{"href":"https:\/\/www.gml.si\/hu\/wp-json\/wp\/v2\/types\/post"}],"author":[{"embeddable":true,"href":"https:\/\/www.gml.si\/hu\/wp-json\/wp\/v2\/users\/5"}],"replies":[{"embeddable":true,"href":"https:\/\/www.gml.si\/hu\/wp-json\/wp\/v2\/comments?post=19176"}],"version-history":[{"count":1,"href":"https:\/\/www.gml.si\/hu\/wp-json\/wp\/v2\/posts\/19176\/revisions"}],"predecessor-version":[{"id":19177,"href":"https:\/\/www.gml.si\/hu\/wp-json\/wp\/v2\/posts\/19176\/revisions\/19177"}],"wp:featuredmedia":[{"embeddable":true,"href":"https:\/\/www.gml.si\/hu\/wp-json\/wp\/v2\/media\/19175"}],"wp:attachment":[{"href":"https:\/\/www.gml.si\/hu\/wp-json\/wp\/v2\/media?parent=19176"}],"wp:term":[{"taxonomy":"category","embeddable":true,"href":"https:\/\/www.gml.si\/hu\/wp-json\/wp\/v2\/categories?post=19176"},{"taxonomy":"post_tag","embeddable":true,"href":"https:\/\/www.gml.si\/hu\/wp-json\/wp\/v2\/tags?post=19176"}],"curies":[{"name":"wp","href":"https:\/\/api.w.org\/{rel}","templated":true}]}}