{"id":19333,"date":"2026-04-09T17:11:55","date_gmt":"2026-04-09T15:11:55","guid":{"rendered":"https:\/\/www.gml.si\/?p=19333"},"modified":"2026-04-09T17:11:55","modified_gmt":"2026-04-09T15:11:55","slug":"meghivo-slovesnost-in-likovna-razstava-ob-dnevu-spomina-na-gyorgy-zalo","status":"publish","type":"post","link":"https:\/\/www.gml.si\/hu\/meghivo-slovesnost-in-likovna-razstava-ob-dnevu-spomina-na-gyorgy-zalo\/","title":{"rendered":"MEGH\u00cdV\u00d3: Slovesnost in likovna razstava ob dnevu spomina na Gy\u00f6rgy Zalo"},"content":{"rendered":"<p><a href=\"https:\/\/www.gml.si\/wp-content\/uploads\/2026\/04\/meghivo_vabilo_ZalaGyorgy_Lendva_2026.jpg\" data-lbwps-width=\"3999\" data-lbwps-height=\"1714\" data-lbwps-srcsmall=\"https:\/\/www.gml.si\/wp-content\/uploads\/2026\/04\/meghivo_vabilo_ZalaGyorgy_Lendva_2026-500x214.jpg\"><img loading=\"lazy\" decoding=\"async\" class=\"alignnone size-large wp-image-19327\" src=\"https:\/\/www.gml.si\/wp-content\/uploads\/2026\/04\/meghivo_vabilo_ZalaGyorgy_Lendva_2026-1024x439.jpg\" alt=\"\" width=\"640\" height=\"274\" srcset=\"https:\/\/www.gml.si\/wp-content\/uploads\/2026\/04\/meghivo_vabilo_ZalaGyorgy_Lendva_2026-1024x439.jpg 1024w, https:\/\/www.gml.si\/wp-content\/uploads\/2026\/04\/meghivo_vabilo_ZalaGyorgy_Lendva_2026-500x214.jpg 500w, https:\/\/www.gml.si\/wp-content\/uploads\/2026\/04\/meghivo_vabilo_ZalaGyorgy_Lendva_2026-768x329.jpg 768w, https:\/\/www.gml.si\/wp-content\/uploads\/2026\/04\/meghivo_vabilo_ZalaGyorgy_Lendva_2026-1536x658.jpg 1536w, https:\/\/www.gml.si\/wp-content\/uploads\/2026\/04\/meghivo_vabilo_ZalaGyorgy_Lendva_2026-2048x878.jpg 2048w\" sizes=\"auto, (max-width: 640px) 100vw, 640px\" \/><\/a><\/p>\n<p>A Lendva K\u00f6zs\u00e9gi Magyar Nemzeti \u00d6nkorm\u00e1nyzati K\u00f6z\u00f6ss\u00e9g <br \/>\na Lendvai Gal\u00e9ri\u00e1val \u00e9s M\u00fazeummal egy\u00fcttm\u0171k\u00f6dve <br \/>\ntisztelettel megh\u00edvja \u00d6nt \u00e9s kedves csal\u00e1dj\u00e1t<br \/>\n<strong><span style=\"font-size: 20px;\">a ZALA GY\u00d6RGY-EML\u00c9KNAPRA.<\/span><\/strong><\/p>\n<p>Az als\u00f3lendvai sz\u00fclet\u00e9s\u0171 vil\u00e1gh\u00edr\u0171 szobr\u00e1szr\u00f3l <strong>2026. \u00e1prilis 15-\u00e9n, szerd\u00e1n<\/strong> eml\u00e9kez\u00fcnk meg:<\/p>\n<ul>\n<li><strong>17.30-kor<\/strong> megeml\u00e9kez\u00e9s \u00e9s koszor\u00faz\u00e1s a Zala Gy\u00f6rgy-szoborn\u00e1l (<a href=\"https:\/\/www.kkl.si\/\">Lendva, Sz\u00ednh\u00e1z- \u00e9s Hangversenyterem<\/a>, Zala Gy\u00f6rgy t\u00e9r);<\/li>\n<li><strong>18.00 \u00f3rakor<\/strong> az I. Sz\u00e1m\u00fa Lendvai K\u00e9tnyelv\u0171 \u00c1ltal\u00e1nos Iskola \u00e9s a G\u00f6nt\u00e9rh\u00e1zi K\u00e9tnyelv\u0171 \u00c1ltal\u00e1nos Iskola fels\u0151 tagozatos tanul\u00f3i k\u00e9pz\u0151m\u0171v\u00e9szeti alkot\u00e1saib\u00f3l k\u00e9sz\u00fclt ki\u00e1ll\u00edt\u00e1s megnyit\u00f3ja a <a href=\"https:\/\/www.mnmi-zkmn.si\/rolunk\/\">B\u00e1nffy K\u00f6zpontban<\/a>.<\/li>\n<\/ul>\n<p><em>Sok szeretettel v\u00e1rjuk \u00d6n\u00f6ket!<\/em><\/p>\n","protected":false},"excerpt":{"rendered":"<p>A Lendva K\u00f6zs\u00e9gi Magyar Nemzeti \u00d6nkorm\u00e1nyzati K\u00f6z\u00f6ss\u00e9g a Lendvai Gal\u00e9ri\u00e1val \u00e9s M\u00fazeummal egy\u00fcttm\u0171k\u00f6dve tisztelettel megh\u00edvja \u00d6nt \u00e9s kedves csal\u00e1dj\u00e1t a ZALA GY\u00d6RGY-EML\u00c9KNAPRA. Az als\u00f3lendvai sz\u00fclet\u00e9s\u0171 vil\u00e1gh\u00edr\u0171 szobr\u00e1szr\u00f3l 2026. \u00e1prilis 15-\u00e9n, szerd\u00e1n eml\u00e9kez\u00fcnk meg. <a href=\"https:\/\/www.gml.si\/hu\/meghivo-slovesnost-in-likovna-razstava-ob-dnevu-spomina-na-gyorgy-zalo\/\"><\/p>\n<p>B\u0151vebben <span class=\"meta-nav\">\u2192<\/span><\/a><\/p>\n","protected":false},"author":5,"featured_media":19332,"comment_status":"closed","ping_status":"closed","sticky":false,"template":"","format":"standard","meta":{"inline_featured_image":false,"footnotes":""},"categories":[58],"tags":[],"class_list":["post-19333","post","type-post","status-publish","format-standard","has-post-thumbnail","hentry","category-hirek"],"_links":{"self":[{"href":"https:\/\/www.gml.si\/hu\/wp-json\/wp\/v2\/posts\/19333","targetHints":{"allow":["GET"]}}],"collection":[{"href":"https:\/\/www.gml.si\/hu\/wp-json\/wp\/v2\/posts"}],"about":[{"href":"https:\/\/www.gml.si\/hu\/wp-json\/wp\/v2\/types\/post"}],"author":[{"embeddable":true,"href":"https:\/\/www.gml.si\/hu\/wp-json\/wp\/v2\/users\/5"}],"replies":[{"embeddable":true,"href":"https:\/\/www.gml.si\/hu\/wp-json\/wp\/v2\/comments?post=19333"}],"version-history":[{"count":1,"href":"https:\/\/www.gml.si\/hu\/wp-json\/wp\/v2\/posts\/19333\/revisions"}],"predecessor-version":[{"id":19334,"href":"https:\/\/www.gml.si\/hu\/wp-json\/wp\/v2\/posts\/19333\/revisions\/19334"}],"wp:featuredmedia":[{"embeddable":true,"href":"https:\/\/www.gml.si\/hu\/wp-json\/wp\/v2\/media\/19332"}],"wp:attachment":[{"href":"https:\/\/www.gml.si\/hu\/wp-json\/wp\/v2\/media?parent=19333"}],"wp:term":[{"taxonomy":"category","embeddable":true,"href":"https:\/\/www.gml.si\/hu\/wp-json\/wp\/v2\/categories?post=19333"},{"taxonomy":"post_tag","embeddable":true,"href":"https:\/\/www.gml.si\/hu\/wp-json\/wp\/v2\/tags?post=19333"}],"curies":[{"name":"wp","href":"https:\/\/api.w.org\/{rel}","templated":true}]}}